{"id":9958,"date":"2026-04-30T04:00:23","date_gmt":"2026-04-30T04:00:23","guid":{"rendered":"https:\/\/ofero.news\/?p=9958"},"modified":"2026-04-30T04:00:23","modified_gmt":"2026-04-30T04:00:23","slug":"may-1-weekend-calendar-mici-festival-grillfest-bbq-and-more","status":"publish","type":"post","link":"https:\/\/ofero.news\/?p=9958","title":{"rendered":"May 1 &amp; weekend calendar: Mici festival, Grillfest BBQ, and more"},"content":{"rendered":"<h4 class=\"MsoNormal\"><span>Outdoor grill events are a staple of the May 1 celebration and Bucharest and its surroundings host several this weekend, in addition to the usual roundup of exhibitions, film screenings, and concerts.\n<p><\/p><\/span><\/h4>\n<p class=\"MsoNormal\"><span>In Bucharest: <\/span><\/p>\n<p><\/p>\n<p class=\"MsoNormal\"><span>Mici Festival &#8211; Festivalul Micului cel Mare<\/span><\/p>\n<p><\/p>\n<p class=\"MsoNormal\"><span>April 30 &#8211; May 3 <\/span><\/p>\n<p><\/p>\n<p class=\"MsoNormal\"><span>Held at the Alba Iulia Roundabout, the event promises a culinary show featuring a 100-meter mic, but also grilled meat dishes, cauldron-cooked stews, pastrami, ribs, and more. More <\/span><span class=\"MsoHyperlink\"><span><a href=\"https:\/\/autenticevents.ro\/festivalul-micului-cel-mare-bucuresti-2\/\">here<\/a><\/span><\/span><span>.<\/span><\/p>\n<p><\/p>\n<p class=\"MsoNormal\"><em><span>Grillfest BBQ<\/span><\/em><span><\/span><\/p>\n<p><\/p>\n<p class=\"MsoNormal\"><span>May 1 \u2013 May 3<\/span><\/p>\n<p><\/p>\n<p class=\"MsoNormal\"><span>The event, which takes place at Casa Vl\u0103sia in Snagov, promises a gastronomic treat, with over 200 chefs and pitmasters. Visitors will be able to discover several thematic areas: The US BBQ Experience area brings authentic styles from Texas, Carolina, Memphis, Kentucky, St. Louis and Kansas City. In parallel, the area dedicated to Latin America will host demonstrations of Argentine asado and Brazilian churrasco. More details <\/span><span class=\"MsoHyperlink\"><span><a href=\"https:\/\/grill-fest.ro\/\">here<\/a><\/span><\/span><span>.<\/span><\/p>\n<p><\/p>\n<p class=\"MsoNormal\"><span>Open Streets<\/span><\/p>\n<p><\/p>\n<p class=\"MsoNormal\"><span>April 25 \u2013 October 11<\/span><\/p>\n<p><\/p>\n<p class=\"MsoNormal\"><span>For 25 weekends, the capital\u2019s central area will host various concerts, shows, parades, workshops for children, sports activities, and guided tours. Calea Victoriei becomes pedestrian again, and, as a novelty this year, the route is extended to Ion Brezoianu Street, which is included in the program for the first time. More info <\/span><span class=\"MsoHyperlink\"><span><a href=\"https:\/\/arcub.ro\/proiect\/strazi-deschise-bucuresti-editia-2026\">here<\/a><\/span><\/span><span>.<\/span><\/p>\n<p><\/p>\n<p class=\"MsoNormal\"><span>Art Safari<\/span><\/p>\n<p><\/p>\n<p class=\"MsoNormal\"><span>Until July 19<\/span><\/p>\n<p><\/p>\n<p class=\"MsoNormal\"><span>The art event returns with another edition featuring exhibitions dedicated to Nicolae Vermont, Mihai Eminescu, and one gathering works by Felix Aftene. More details <\/span><span class=\"MsoHyperlink\"><span><a href=\"https:\/\/www.artsafari.ro\/expozitii-de-arta\/\">here<\/a><\/span><\/span><span>.<\/span><\/p>\n<p><\/p>\n<p class=\"MsoNormal\"><span>Concert @ George Enescu Philharmonic<\/span><span><\/span><\/p>\n<p><\/p>\n<p class=\"MsoNormal\"><span>April 30<\/span><\/p>\n<p><\/p>\n<p class=\"MsoNormal\"><span>Leo Hussain conducts the George Enescu Philharmonic Orchestra for a program of works by <span>Jean Sibelius<\/span> and George Enescu. Violinist Karen Gomyo is the soloist. More details\u00a0<\/span><span class=\"MsoHyperlink\"><span><a href=\"https:\/\/filarmonicaenescu.ro\/ro\/eveniment\/concert-vocal-simfonic-2594\">here<\/a><\/span><\/span><span>.<\/span><\/p>\n<p><\/p>\n<p class=\"MsoNormal\"><span>\u0218tefan Bertalan \u2013 In Tune with the World<\/span><span><\/span><\/p>\n<p><\/p>\n<p class=\"MsoNormal\"><span>Until May 3<\/span><\/p>\n<p><\/p>\n<p class=\"MsoNormal\"><span>This retrospective dedicated to the work of Romanian artist \u0218tefan Bertalan is held at the Museum of Recent Art (MARe). More details\u00a0<\/span><span class=\"MsoHyperlink\"><span><a href=\"https:\/\/mare.ro\/en\/exhibition\/in-ritmul-lumii\/\">here<\/a><\/span><\/span><span>.<\/span><\/p>\n<p><\/p>\n<p class=\"MsoNormal\"><span>Vlad Nanc\u0103 \u2013 Construction Time Again<\/span><\/p>\n<p><\/p>\n<p class=\"MsoNormal\"><span>April 24 &#8211; June 6<\/span><\/p>\n<p><\/p>\n<p class=\"MsoNormal\"><span>Titled after a Depeche Mode album, the exhibition imagines the relocation of modernism onto another planet. Fragments of a promising future envisioned in the second half of the 20th century re-emerge in mosaics, sculptures, and subtle series of works on paper \u2013 not nostalgically, but as a new chance within a speculative universe. This is Vlad Nanc\u0103\u2019s first solo exhibition with Gaep. More details <\/span><span class=\"MsoHyperlink\"><span><a href=\"https:\/\/www.facebook.com\/events\/1630674507981176\/\">here<\/a><\/span><\/span><span>.<\/span><\/p>\n<p><\/p>\n<p class=\"MsoNormal\"><span>Liliana Basarab &#8211; Not Cruel, Truthful<\/span><\/p>\n<p><\/p>\n<p class=\"MsoNormal\"><span>April 17 \u2013 June 26<\/span><\/p>\n<p><\/p>\n<p class=\"MsoNormal\"><span>Liliana Basarab\u2019s solo exhibition, open at Sandwich Neurohope, welcomes the public with works that bring into focus \u201croutines recovered through a drifting gaze, one that shifts from what is expected to be seen toward the peripheral, toward underexplored social niches.\u201d<\/span><\/p>\n<p><\/p>\n<p class=\"MsoNormal\"><span>Ramon Sad\u00eec \u2013 Supernova<\/span><\/p>\n<p><\/p>\n<p class=\"MsoNormal\"><span>April 17 \u2013 June 26<\/span><\/p>\n<p><\/p>\n<p class=\"MsoNormal\"><span>Ramon Sad\u00eec\u2019s first solo exhibition in collaboration with Sandwich brings together a series of paintings through which the artist \u201cprobes his position within a context marked by social and political instability, constructing a visual meditation on contemporary uncertainty.\u201d<\/span><\/p>\n<p><\/p>\n<p class=\"MsoNormal\"><span>In the country:<\/span><\/p>\n<p><\/p>\n<p class=\"MsoNormal\"><span>More Real Than Nature<\/span><\/p>\n<p><\/p>\n<p class=\"MsoNormal\"><span>Until May 31<\/span><\/p>\n<p><\/p>\n<p class=\"MsoNormal\"><span>This group exhibition, open at Jecza Gallery in <\/span><span>Timi\u015foara, <\/span><span>explores the evolving relationship between the figurative and the abstract within the context of contemporary visual culture. More <\/span><span class=\"MsoHyperlink\"><span><a href=\"https:\/\/jeczagallery.com\/exhibitions\/57\/overview\/\">here<\/a><\/span><\/span><span>.<\/span><\/p>\n<p><\/p>\n<p class=\"MsoNormal\"><span>Nona Inescu &#8211; Afterlife \u2013 Still Life<\/span><\/p>\n<p><\/p>\n<p class=\"MsoNormal\"><span>April 17 \u2013 June 6<\/span><\/p>\n<p><\/p>\n<p class=\"MsoNormal\"><span>Nona Inescu&#8217;s solo exhibition at Isho Office in Timi\u015foara consolidates her practice of recent years, which includes photography, objects, installations, video and sound, and explores the relationship between the human body and the environment from a post-humanist perspective. More <\/span><span class=\"MsoHyperlink\"><span><a href=\"https:\/\/artencounters.ro\/en\/expozitie\/nona-inescu-afterlife-still-life-olah-gyarfas-coltul-ciobit-al-cubului-the-broken-corner-of-the-cube\/\">here<\/a><\/span><\/span><span>.<\/span><\/p>\n<p><\/p>\n<p class=\"MsoNormal\"><span>Ol\u00e1h Gy\u00e1rf\u00e1s &#8211; The Broken Corner of the Cube<\/span><\/p>\n<p><\/p>\n<p class=\"MsoNormal\"><span>April 17 \u2013 June 6<\/span><\/p>\n<p><\/p>\n<p class=\"MsoNormal\"><span>Also on view at Isho Office, the exhibition explores the relationships between humans and the plant and animal world, using ecologically responsible production methodologies. More <\/span><span class=\"MsoHyperlink\"><span><a href=\"https:\/\/artencounters.ro\/en\/expozitie\/nona-inescu-afterlife-still-life-olah-gyarfas-coltul-ciobit-al-cubului-the-broken-corner-of-the-cube\/\">here<\/a><\/span><\/span><span>.<\/span><\/p>\n<p><\/p>\n<p class=\"MsoNormal\"><span>Tears That Laugh, Laughs That Cry<\/span><\/p>\n<p><\/p>\n<p class=\"MsoNormal\"><span>Until June 21<\/span><\/p>\n<p><\/p>\n<p class=\"MsoNormal\"><span>The exhibition, open at NOCA Oradea, explores the multiple facets of crying and laughter by bringing together twenty intergenerational and multicultural artistic positions. More <\/span><span class=\"MsoHyperlink\"><span><a href=\"https:\/\/noca.art\/en\/\">here<\/a><\/span><\/span><span>.<\/span><\/p>\n<p><\/p>\n<p class=\"MsoNormal\"><em><span><\/span><\/em><\/p>\n<p><em>(Photo:\u00a0<\/em><\/p>\n<p><a href=\"https:\/\/www.dreamstime.com\/michailpetrov_info\">MichailPetrov<\/a>\u00a0|\u00a0<a href=\"https:\/\/www.dreamstime.com\/\">Dreamstime.com<\/a>)<\/p>\n<p class=\"MsoNormal\"><em><span><\/span><\/em><\/p>\n<p><em>editor@romania-insider.com<\/em><\/p>\n<p><span><\/span><\/p>\n<p>\u00a0<\/p>\n<p><\/p>\n<p class=\"MsoNormal\"><em><span>\u00a0<\/span><\/em><\/p>","protected":false},"excerpt":{"rendered":"<p>Outdoor grill events are a staple of the May 1 celebration and Bucharest and its surroundings host several this weekend, in addition to the usual roundup of exhibitions, film screenings, and concerts. In Bucharest: Mici Festival &#8211; Festivalul Micului cel Mare April 30 &#8211; May 3 Held at the Alba Iulia Roundabout, the event promises [&hellip;]<\/p>\n","protected":false},"author":0,"featured_media":0,"comment_status":"open","ping_status":"closed","sticky":false,"template":"","format":"standard","meta":{"footnotes":""},"categories":[1],"tags":[],"class_list":["post-9958","post","type-post","status-publish","format-standard","hentry","category-uncategorized"],"_links":{"self":[{"href":"https:\/\/ofero.news\/index.php?rest_route=\/wp\/v2\/posts\/9958","targetHints":{"allow":["GET"]}}],"collection":[{"href":"https:\/\/ofero.news\/index.php?rest_route=\/wp\/v2\/posts"}],"about":[{"href":"https:\/\/ofero.news\/index.php?rest_route=\/wp\/v2\/types\/post"}],"replies":[{"embeddable":true,"href":"https:\/\/ofero.news\/index.php?rest_route=%2Fwp%2Fv2%2Fcomments&post=9958"}],"version-history":[{"count":0,"href":"https:\/\/ofero.news\/index.php?rest_route=\/wp\/v2\/posts\/9958\/revisions"}],"wp:attachment":[{"href":"https:\/\/ofero.news\/index.php?rest_route=%2Fwp%2Fv2%2Fmedia&parent=9958"}],"wp:term":[{"taxonomy":"category","embeddable":true,"href":"https:\/\/ofero.news\/index.php?rest_route=%2Fwp%2Fv2%2Fcategories&post=9958"},{"taxonomy":"post_tag","embeddable":true,"href":"https:\/\/ofero.news\/index.php?rest_route=%2Fwp%2Fv2%2Ftags&post=9958"}],"curies":[{"name":"wp","href":"https:\/\/api.w.org\/{rel}","templated":true}]}}