{"id":9121,"date":"2026-03-03T08:01:00","date_gmt":"2026-03-03T08:01:00","guid":{"rendered":"https:\/\/ofero.news\/?p=9121"},"modified":"2026-03-03T08:01:00","modified_gmt":"2026-03-03T08:01:00","slug":"romanian-justice-ministrys-nominations-for-chief-prosecutors-spark-public-criticism","status":"publish","type":"post","link":"https:\/\/ofero.news\/?p=9121","title":{"rendered":"Romanian Justice Ministry\u2019s nominations for chief prosecutors spark public criticism"},"content":{"rendered":"<p>Romania\u2019s Ministry of Justice announced on March 2 its nominations for top management positions at the Prosecutor General\u2019s Office attached to the High Court of Cassation and Justice, the National Anticorruption Directorate (DNA), and the Directorate for the Investigation of Organised Crime and Terrorism (DIICOT), triggering negative reactions in parts of the media and civil society. The proposals will be sent to the Superior Council of Magistracy (CSM) for an advisory opinion, while the final decision on the appointments rests with president Nicu\u0219or Dan.<\/p>\n<p>The justice minister\u2019s nominees include Cristina Chiriac for the position of Prosecutor General, Ioan Viorel Cerbu for chief prosecutor of the DNA, and Codrin-Hora\u021biu Miron for head of DIICOT.<\/p>\n<p>In addition, former DNA chief prosecutor Marius Voineag has been proposed for deputy prosecutor general, while Alex Floren\u021ba, also a former DNA head, has been nominated for deputy chief prosecutor at DIICOT.\u00a0<\/p>\n<p>Both Voineag and Floren\u021ba have previously faced criticism, including from president Nicu\u0219or Dan, over the perceived decline in the effectiveness of anti-corruption efforts in recent years. Public commentators have noted that the activity of the DNA has lost visible momentum compared to its peak years.<\/p>\n<p>Cristina Chiriac\u2019s nomination for Prosecutor General has drawn particular scrutiny. Media outlets have questioned the performance of the regional DNA office she previously led and have revisited allegations related to the handling of the case involving the former Bishop of Hu\u0219i, Corneliu B\u00eerl\u0103deanu (Cornel Onil\u0103).<\/p>\n<p>According to local outlet <a href=\"https:\/\/www.g4media.ro\/breaking-cristina-chiriac-propusa-de-ministrul-justitiei-pentru-sefia-parchetului-general-ioan-viorel-cerbu-la-dna-si-codrin-horatiu-miron-la-diicot-marius-voineag-propus-adjunct-al-procurorului-g.html?mc_cid=d080eb3e36&amp;mc_eid=cd1f92f96c\" target=\"_blank\">G4media.ro<\/a>, Chiriac, in 2017, closed a case concerning alleged sexual assaults by the bishop. The file was reopened in 2019 following press investigations and ultimately led to the bishop being sentenced to eight years in prison. Reports have also alleged that during earlier investigations, evidence unrelated to the main case was not reported in line with procedural regulations, raising concerns about the handling of the file.<\/p>\n<p>The nominations now move to the CSM for review, after which president Dan will decide whether to confirm or reject the proposals. Given the sensitivity of the positions and Romania\u2019s ongoing commitments regarding judicial reform and anti-corruption under EU monitoring frameworks, the appointments are likely to remain under close public and political scrutiny.<\/p>\n<p>iulian@romania-insider.com<\/p>\n<p>(Photo source: <a href=\"https:\/\/www.dreamstime.com\/\">Vladek\/Dreamstime.com<\/a>)<\/p>","protected":false},"excerpt":{"rendered":"<p>Romania\u2019s Ministry of Justice announced on March 2 its nominations for top management positions at the Prosecutor General\u2019s Office attached to the High Court of Cassation and Justice, the National Anticorruption Directorate (DNA), and the Directorate for the Investigation of Organised Crime and Terrorism (DIICOT), triggering negative reactions in parts of the media and civil [&hellip;]<\/p>\n","protected":false},"author":0,"featured_media":0,"comment_status":"open","ping_status":"closed","sticky":false,"template":"","format":"standard","meta":{"footnotes":""},"categories":[1],"tags":[],"class_list":["post-9121","post","type-post","status-publish","format-standard","hentry","category-uncategorized"],"_links":{"self":[{"href":"https:\/\/ofero.news\/index.php?rest_route=\/wp\/v2\/posts\/9121","targetHints":{"allow":["GET"]}}],"collection":[{"href":"https:\/\/ofero.news\/index.php?rest_route=\/wp\/v2\/posts"}],"about":[{"href":"https:\/\/ofero.news\/index.php?rest_route=\/wp\/v2\/types\/post"}],"replies":[{"embeddable":true,"href":"https:\/\/ofero.news\/index.php?rest_route=%2Fwp%2Fv2%2Fcomments&post=9121"}],"version-history":[{"count":0,"href":"https:\/\/ofero.news\/index.php?rest_route=\/wp\/v2\/posts\/9121\/revisions"}],"wp:attachment":[{"href":"https:\/\/ofero.news\/index.php?rest_route=%2Fwp%2Fv2%2Fmedia&parent=9121"}],"wp:term":[{"taxonomy":"category","embeddable":true,"href":"https:\/\/ofero.news\/index.php?rest_route=%2Fwp%2Fv2%2Fcategories&post=9121"},{"taxonomy":"post_tag","embeddable":true,"href":"https:\/\/ofero.news\/index.php?rest_route=%2Fwp%2Fv2%2Ftags&post=9121"}],"curies":[{"name":"wp","href":"https:\/\/api.w.org\/{rel}","templated":true}]}}