{"id":8859,"date":"2026-02-12T10:00:48","date_gmt":"2026-02-12T10:00:48","guid":{"rendered":"https:\/\/ofero.news\/?p=8859"},"modified":"2026-02-12T10:00:48","modified_gmt":"2026-02-12T10:00:48","slug":"romanian-mercenary-horatiu-potra-remains-in-preventive-detention","status":"publish","type":"post","link":"https:\/\/ofero.news\/?p=8859","title":{"rendered":"Romanian mercenary Hora\u0163iu Potra remains in preventive detention"},"content":{"rendered":"<p>Romania\u2019s High Court of Cassation and Justice decided on Wednesday, February 11, that the mercenary Hora\u0163iu Potra will remain in preventive detention. Potra\u2019s son and nephew will also remain under house arrest.<\/p>\n<p>Hora\u0163iu Potra, Dorian Potra, and Alexandru Potra were first\u00a0<a href=\"https:\/\/www.romania-insider.com\/mercenary-horatiu-potra-preventive-arrest-nov-2025\">placed in preventive detention<\/a> in November for attempting to act against the constitutional order, failing to comply with the regime of weapons and ammunition, and failing to comply with the regime of explosive materials.\u00a0<\/p>\n<p>In its recent ruling, the High Court of Cassation and Justice rejected as unfounded the appeals filed by the three against the decision of February 3 issued by the preliminary chamber judge of the Bucharest Court of Appeal, according to <a href=\"https:\/\/www.digi24.ro\/stiri\/actualitate\/justitie\/horatiu-potra-ramane-in-arest-preventiv-iar-fiul-si-nepotul-sau-in-arest-la-domiciliu-decizia-e-definitiva-3627767\">Digi24<\/a>.<\/p>\n<p>Hora\u0163iu Potra was caught in Dubai in September. He agreed to be brought back to the country, which is why the procedures proceeded quickly. Otherwise, they could have taken longer, given that there is no extradition agreement with the United Arab Emirates.\u00a0<\/p>\n<p>Russian operatives with ties to the Kremlin reportedly attempted to prevent\u00a0the extradition of Horatiu Potra,\u00a0<a href=\"https:\/\/www.theguardian.com\/world\/2025\/oct\/29\/kremlin-linked-operatives-scramble-to-stop-extradition-of-mercenary-accused-of-plotting-coup?mc_cid=f7da3b8f36&amp;mc_eid=cd1f92f96c\">The Guardian<\/a>\u00a0reported.\u00a0He was <a href=\"https:\/\/www.romania-insider.com\/horatiu-potra-return-romania-nov-2025\">brought back to the country<\/a> on November 20, 2025, together with his son and nephew.<\/p>\n<p>Potra was originally <a href=\"https:\/\/www.romania-insider.com\/calin-georgescu-sent-trial-attemped-coup-sept-2025\">sent to trial<\/a> alongside former far-right and pro-Russian presidential candidate C\u0103lin Georgescu and another 20 defendants, accused of having committed serious offenses aimed at destabilizing Romania. According to prosecutors, Georgescu and Potra met \u201cunder clandestine conditions\u201d on December 7, 2024, a day after the <a href=\"https:\/\/www.romania-insider.com\/ccr-annuls-presidential-elections-romania-december-2024\">Constitutional Court annulled the presidential elections<\/a>. They reportedly discussed a plan according to which the mercenary and people from his entourage, with military training, were to carry out \u201cviolent actions of a subversive nature,\u201d to divert the peaceful demonstrations at that time.<\/p>\n<p>Prosecutors further showed that Hora\u0163iu Potra consolidated a paramilitary group of 21 people, led by him, establishing that they would travel with seven cars toward Bucharest, where they would trigger protests against state authorities, which were to be diverted into \u201cviolent actions capable of completing the revisionist policy\u201d of C\u0103lin Georgescu.<\/p>\n<p>On the night of December 7 to 8, 2024, police set up checkpoints in the areas of Balote\u015fti\u2013S\u0103ftica, Ilfov County, and M\u0103ne\u015fti and Corne\u015fti, D\u00e2mbovi\u0163a County, as well as in Bucharest, stopping and checking Potra\u2019s group. They found folding knives, daggers, long-bladed knives, telescopic batons, pepper spray, brass knuckles, axes and axe handles, pistols, and pyrotechnic materials from the category of the most dangerous, with the potential to produce powerful explosions that could have caused immense damage, serious injuries, and death.<\/p>\n<p>Georgescu maintained and strengthened Potra\u2019s \u201ccriminal resolution,&#8221; according to the investigators. This week, the former presidential candidate was also <a href=\"https:\/\/www.romania-insider.com\/calin-georgescu-trial-far-right-propaganda-feb-2026\">sent to trial for alleged fascist<\/a>, far-right, racist, and xenophobic propaganda.<\/p>\n<p><em><a href=\"mailto:radu@romania-insider.com\">radu@romania-insider.com<\/a><\/em><\/p>\n<p><em>(Photo source: Inquam Photos | George Calin)<\/em><\/p>","protected":false},"excerpt":{"rendered":"<p>Romania\u2019s High Court of Cassation and Justice decided on Wednesday, February 11, that the mercenary Hora\u0163iu Potra will remain in preventive detention. Potra\u2019s son and nephew will also remain under house arrest. Hora\u0163iu Potra, Dorian Potra, and Alexandru Potra were first\u00a0placed in preventive detention in November for attempting to act against the constitutional order, failing [&hellip;]<\/p>\n","protected":false},"author":0,"featured_media":0,"comment_status":"open","ping_status":"closed","sticky":false,"template":"","format":"standard","meta":{"footnotes":""},"categories":[1],"tags":[],"class_list":["post-8859","post","type-post","status-publish","format-standard","hentry","category-uncategorized"],"_links":{"self":[{"href":"https:\/\/ofero.news\/index.php?rest_route=\/wp\/v2\/posts\/8859","targetHints":{"allow":["GET"]}}],"collection":[{"href":"https:\/\/ofero.news\/index.php?rest_route=\/wp\/v2\/posts"}],"about":[{"href":"https:\/\/ofero.news\/index.php?rest_route=\/wp\/v2\/types\/post"}],"replies":[{"embeddable":true,"href":"https:\/\/ofero.news\/index.php?rest_route=%2Fwp%2Fv2%2Fcomments&post=8859"}],"version-history":[{"count":0,"href":"https:\/\/ofero.news\/index.php?rest_route=\/wp\/v2\/posts\/8859\/revisions"}],"wp:attachment":[{"href":"https:\/\/ofero.news\/index.php?rest_route=%2Fwp%2Fv2%2Fmedia&parent=8859"}],"wp:term":[{"taxonomy":"category","embeddable":true,"href":"https:\/\/ofero.news\/index.php?rest_route=%2Fwp%2Fv2%2Fcategories&post=8859"},{"taxonomy":"post_tag","embeddable":true,"href":"https:\/\/ofero.news\/index.php?rest_route=%2Fwp%2Fv2%2Ftags&post=8859"}],"curies":[{"name":"wp","href":"https:\/\/api.w.org\/{rel}","templated":true}]}}