{"id":8839,"date":"2026-02-11T12:01:01","date_gmt":"2026-02-11T12:01:01","guid":{"rendered":"https:\/\/ofero.news\/?p=8839"},"modified":"2026-02-11T12:01:01","modified_gmt":"2026-02-11T12:01:01","slug":"romanias-transilvania-film-festival-introduces-janovics-jeno-award-at-2026-anniversary-edition","status":"publish","type":"post","link":"https:\/\/ofero.news\/?p=8839","title":{"rendered":"Romania\u2019s Transilvania Film Festival introduces Janovics Jen\u0151 Award at 2026 anniversary edition"},"content":{"rendered":"<p>The Transilvania International Film Festival (TIFF) will introduce the Janovics Jen\u0151 Award starting with its anniversary edition scheduled for June 12-21, 2026, in Cluj-Napoca. The new distinction, the organizers said, is dedicated \u201cto the memory of a pioneer of Cluj and European cinema.\u201d<\/p>\n<p>The award will be presented annually to an international film personality \u201cwhose work reflects a pioneering spirit, bold vision, and a drive to open new paths within the industry,\u201d reads the announcement.<\/p>\n<p>A theatre director and head of the city\u2019s Hungarian Theatre, Janovics Jen\u0151 (1872\u20131945) was among the first to see cinema as the defining art form of the 20th century. In the early 1910s, he helped transform Cluj into a filmmaking hub, launching fiction film production in the city and collaborating with the French company Path\u00e9 on S\u00e1rga csik\u00f3 (The Yellow Foal), a film that achieved international circulation.<\/p>\n<p>\u201cThe film circulated internationally, proving that cinema could be produced and exported from Transylvania &#8211; not only from Europe\u2019s major capitals,\u201d TIFF organizers said.<\/p>\n<p>Between 1913 and the early 1920s, more than 60 silent films were produced in Cluj under Janovics\u2019s patronage. He founded or supported several production companies and developed local infrastructure, training actors and crews who would later shape world cinema, including Michael Curtiz and Alexander Korda.<\/p>\n<p>Over the years, Jen\u0151 Janovics has been a recurring presence within the Transilvania IFF program: from special cine-concert screenings of films such as Vil\u00e1gr\u00e9m (Terrors of the World) and A tolonc (The Exile, dir. Michael Curtiz), which he produced, to book launches, exhibitions, and the documentary Jen\u0151 Janovics, a Hungarian Path\u00e9 (dir. B\u00e1lint Z\u00e1goni).<\/p>\n<p>From 2026 onward, his name will be permanently embedded in the festival through this eponymous award.<\/p>\n<p>More details about the TIFF.25 program will be announced soon. Festival passes are already available online.<\/p>\n<p>irina.marica@romania-insider.com<\/p>\n<p>(Photo source: TIFF organizers)<\/p>","protected":false},"excerpt":{"rendered":"<p>The Transilvania International Film Festival (TIFF) will introduce the Janovics Jen\u0151 Award starting with its anniversary edition scheduled for June 12-21, 2026, in Cluj-Napoca. The new distinction, the organizers said, is dedicated \u201cto the memory of a pioneer of Cluj and European cinema.\u201d The award will be presented annually to an international film personality \u201cwhose [&hellip;]<\/p>\n","protected":false},"author":0,"featured_media":0,"comment_status":"open","ping_status":"closed","sticky":false,"template":"","format":"standard","meta":{"footnotes":""},"categories":[1],"tags":[],"class_list":["post-8839","post","type-post","status-publish","format-standard","hentry","category-uncategorized"],"_links":{"self":[{"href":"https:\/\/ofero.news\/index.php?rest_route=\/wp\/v2\/posts\/8839","targetHints":{"allow":["GET"]}}],"collection":[{"href":"https:\/\/ofero.news\/index.php?rest_route=\/wp\/v2\/posts"}],"about":[{"href":"https:\/\/ofero.news\/index.php?rest_route=\/wp\/v2\/types\/post"}],"replies":[{"embeddable":true,"href":"https:\/\/ofero.news\/index.php?rest_route=%2Fwp%2Fv2%2Fcomments&post=8839"}],"version-history":[{"count":0,"href":"https:\/\/ofero.news\/index.php?rest_route=\/wp\/v2\/posts\/8839\/revisions"}],"wp:attachment":[{"href":"https:\/\/ofero.news\/index.php?rest_route=%2Fwp%2Fv2%2Fmedia&parent=8839"}],"wp:term":[{"taxonomy":"category","embeddable":true,"href":"https:\/\/ofero.news\/index.php?rest_route=%2Fwp%2Fv2%2Fcategories&post=8839"},{"taxonomy":"post_tag","embeddable":true,"href":"https:\/\/ofero.news\/index.php?rest_route=%2Fwp%2Fv2%2Ftags&post=8839"}],"curies":[{"name":"wp","href":"https:\/\/api.w.org\/{rel}","templated":true}]}}