{"id":8631,"date":"2026-01-29T08:00:30","date_gmt":"2026-01-29T08:00:30","guid":{"rendered":"https:\/\/ofero.news\/?p=8631"},"modified":"2026-01-29T08:00:30","modified_gmt":"2026-01-29T08:00:30","slug":"romanias-feed-producer-protena-plans-expansion-abroad-after-bright-2025-financials","status":"publish","type":"post","link":"https:\/\/ofero.news\/?p=8631","title":{"rendered":"Romania&#8217;s feed producer Protena plans expansion abroad after bright 2025 financials"},"content":{"rendered":"<p>Protena, one of the largest independent players on the Romanian feed market, plans expansion, possibly in the Central and Eastern European region, after it achieved robust operational results and better than planned financial results, the company&#8217;s CEO, D\u00e9nes Laczk\u00f3, announced in an interview with <a href=\"https:\/\/www.zf.ro\/companii\/d-nes-laczk-ceo-protena-producator-de-furaje-avem-ambitii-de-23030380?mc_cid=dbd7394777&amp;mc_eid=cd1f92f96c\" target=\"_blank\">Ziarul Financiar<\/a>.<\/p>\n<p>The company owns a factory in S\u00e2npaul, Mure\u015f County, opened in 2019 as a greenfield investment.\u00a0<\/p>\n<p>It operated at almost full capacity in 2025, with a production of 180,000 tonnes, out of a nameplate capacity of 200,000 tonnes. The operational profit exceeded the target by 35%.<\/p>\n<p>&#8220;2025 was the year in which Protena moved from the status of a local producer to that of a regional strategic player. We ended the year with approximately RON 332 million in turnover, RON 18 million in gross profit, and volumes of almost 180,000 tons of products.\u00a0EBITDA exceeded the budget by 35%, which provides us with the financial basis for the investments planned for 2026,&#8221; said D\u00e9nes Laczk\u00f3.<\/p>\n<p><em>iulian@romania-insider.com<\/em><\/p>\n<p><em>(Photo source: <a href=\"https:\/\/www.dreamstime.com\/\">Akhmad Safrul\/Dreamstime.com<\/a>)<\/em><\/p>","protected":false},"excerpt":{"rendered":"<p>Protena, one of the largest independent players on the Romanian feed market, plans expansion, possibly in the Central and Eastern European region, after it achieved robust operational results and better than planned financial results, the company&#8217;s CEO, D\u00e9nes Laczk\u00f3, announced in an interview with Ziarul Financiar. The company owns a factory in S\u00e2npaul, Mure\u015f County, [&hellip;]<\/p>\n","protected":false},"author":0,"featured_media":0,"comment_status":"open","ping_status":"closed","sticky":false,"template":"","format":"standard","meta":{"footnotes":""},"categories":[1],"tags":[],"class_list":["post-8631","post","type-post","status-publish","format-standard","hentry","category-uncategorized"],"_links":{"self":[{"href":"https:\/\/ofero.news\/index.php?rest_route=\/wp\/v2\/posts\/8631","targetHints":{"allow":["GET"]}}],"collection":[{"href":"https:\/\/ofero.news\/index.php?rest_route=\/wp\/v2\/posts"}],"about":[{"href":"https:\/\/ofero.news\/index.php?rest_route=\/wp\/v2\/types\/post"}],"replies":[{"embeddable":true,"href":"https:\/\/ofero.news\/index.php?rest_route=%2Fwp%2Fv2%2Fcomments&post=8631"}],"version-history":[{"count":0,"href":"https:\/\/ofero.news\/index.php?rest_route=\/wp\/v2\/posts\/8631\/revisions"}],"wp:attachment":[{"href":"https:\/\/ofero.news\/index.php?rest_route=%2Fwp%2Fv2%2Fmedia&parent=8631"}],"wp:term":[{"taxonomy":"category","embeddable":true,"href":"https:\/\/ofero.news\/index.php?rest_route=%2Fwp%2Fv2%2Fcategories&post=8631"},{"taxonomy":"post_tag","embeddable":true,"href":"https:\/\/ofero.news\/index.php?rest_route=%2Fwp%2Fv2%2Ftags&post=8631"}],"curies":[{"name":"wp","href":"https:\/\/api.w.org\/{rel}","templated":true}]}}