{"id":8620,"date":"2026-01-28T12:02:49","date_gmt":"2026-01-28T12:02:49","guid":{"rendered":"https:\/\/ofero.news\/?p=8620"},"modified":"2026-01-28T12:02:49","modified_gmt":"2026-01-28T12:02:49","slug":"skanska-sells-equilibrium-2-office-building-in-bucharest-to-magyar-posta-takarek-fund","status":"publish","type":"post","link":"https:\/\/ofero.news\/?p=8620","title":{"rendered":"Skanska sells Equilibrium 2 office building in Bucharest to Magyar Posta Takar\u00e9k Fund"},"content":{"rendered":"<p>Developer Skanska announced on Wednesday, January 28, that it sold the second building of the Equilibrium office complex in Bucharest to Magyar Posta Takar\u00e9k Real Estate Investment Fund (MPTIA), a public real estate fund managed by Gr\u00e1nit Asset Management. The deal comes roughly a year after <a href=\"https:\/\/www.romania-insider.com\/skanska-sells-first-equilibrium-bucharest-apr-2025\" target=\"_blank\">Gr\u00e1nit also purchased Equilibrium 1<\/a> in April 2025 for EUR 52 million.<\/p>\n<p>Equilibrium 2 was completed in the final quarter of 2022 and offers around 20,000 square meters of leasable office space across 11 floors. The building is located in northern Bucharest, at the entrance to the Floreasca\u2013Barbu V\u0103c\u0103rescu area, widely regarded as the city\u2019s new central business district.<\/p>\n<p>The wider Equilibrium complex also includes approximately 3,500 sqm of accessible green space designed for tenants and the surrounding community.<\/p>\n<p>\u201cThis transaction marks the acquisition of the second phase of the complex by the same investor, underscoring the strong trust and continuity of our partnership,\u201d said Adrian Karczewicz, Head of Divestments at Skanska Commercial Development Europe.<\/p>\n<p>\u201cThe decision to divest the full complex reflects our business model in Skanska, worldwide: develop high-quality, future-ready workplaces, grow them to maturity together with our partners and communities, and then entrust their next chapter to long-term owners who share our vision,\u201d added Aurelia Luca, Executive Vice President of Operations in Hungary and Romania at Skanska Commercial Development in CEE.<\/p>\n<p>Equilibrium 2 is currently almost 50% leased, with tenants including Eximprod Grup, Henkel, Intero Properties, and Sanofi, alongside other companies expected to join the complex in the coming period.<\/p>\n<p>The transaction aligns with Gr\u00e1nit Asset Management\u2019s regional \u201c5B\u201d investment strategy, which targets premium office developments in Budapest, Bucharest, Belgrade, Vienna, and Bratislava, according to the announcement.<\/p>\n<p>Skanska was advised on the transaction by Peli Partners, Forvis Mazars Romania, Ana-Maria Notingher, and Colliers, while Gr\u00e1nit Asset Management was advised by Nestor Nestor Diculescu Kingston Petersen, Schoenherr Het\u00e9nyi Attorneys at Law, Optim, TPA Romania, and Grandum Real Estate.<\/p>\n<p>irina.marica@romania-insider.com<\/p>\n<p>(Photo source: press release)<\/p>","protected":false},"excerpt":{"rendered":"<p>Developer Skanska announced on Wednesday, January 28, that it sold the second building of the Equilibrium office complex in Bucharest to Magyar Posta Takar\u00e9k Real Estate Investment Fund (MPTIA), a public real estate fund managed by Gr\u00e1nit Asset Management. The deal comes roughly a year after Gr\u00e1nit also purchased Equilibrium 1 in April 2025 for [&hellip;]<\/p>\n","protected":false},"author":0,"featured_media":0,"comment_status":"open","ping_status":"closed","sticky":false,"template":"","format":"standard","meta":{"footnotes":""},"categories":[1],"tags":[],"class_list":["post-8620","post","type-post","status-publish","format-standard","hentry","category-uncategorized"],"_links":{"self":[{"href":"https:\/\/ofero.news\/index.php?rest_route=\/wp\/v2\/posts\/8620","targetHints":{"allow":["GET"]}}],"collection":[{"href":"https:\/\/ofero.news\/index.php?rest_route=\/wp\/v2\/posts"}],"about":[{"href":"https:\/\/ofero.news\/index.php?rest_route=\/wp\/v2\/types\/post"}],"replies":[{"embeddable":true,"href":"https:\/\/ofero.news\/index.php?rest_route=%2Fwp%2Fv2%2Fcomments&post=8620"}],"version-history":[{"count":0,"href":"https:\/\/ofero.news\/index.php?rest_route=\/wp\/v2\/posts\/8620\/revisions"}],"wp:attachment":[{"href":"https:\/\/ofero.news\/index.php?rest_route=%2Fwp%2Fv2%2Fmedia&parent=8620"}],"wp:term":[{"taxonomy":"category","embeddable":true,"href":"https:\/\/ofero.news\/index.php?rest_route=%2Fwp%2Fv2%2Fcategories&post=8620"},{"taxonomy":"post_tag","embeddable":true,"href":"https:\/\/ofero.news\/index.php?rest_route=%2Fwp%2Fv2%2Ftags&post=8620"}],"curies":[{"name":"wp","href":"https:\/\/api.w.org\/{rel}","templated":true}]}}