{"id":8526,"date":"2026-01-22T09:00:30","date_gmt":"2026-01-22T09:00:30","guid":{"rendered":"https:\/\/ofero.news\/?p=8526"},"modified":"2026-01-22T09:00:30","modified_gmt":"2026-01-22T09:00:30","slug":"weekend-calendar-memory-of-holocaust-film-days-concerts-exhibitions","status":"publish","type":"post","link":"https:\/\/ofero.news\/?p=8526","title":{"rendered":"Weekend calendar: Memory of Holocaust Film Days, concerts, exhibitions"},"content":{"rendered":"<h4 class=\"MsoNormal\"><span>Exhibitions, concerts, and themed film screenings are on the agenda in Bucharest, while Bra\u0219ov hosts a large salsa event.<\/span><\/h4>\n<p class=\"MsoNormal\"><span>In Bucharest:<\/span><\/p>\n<p><\/p>\n<p class=\"MsoNormal\"><span>Memory of Holocaust Film Days<\/span><\/p>\n<p><\/p>\n<p class=\"MsoNormal\"><span>January 23 \u2013 January 25<\/span><\/p>\n<p><\/p>\n<p class=\"MsoNormal\"><span>Documentaries and other productions highlight one of the darkest episodes in history. More details on the program <a href=\"https:\/\/eventbook.ro\/program\/zilele-filmului-memoria-holocaustului\">here<\/a>.<\/span><\/p>\n<p><\/p>\n<p class=\"MsoNormal\"><span>Concerts @ George Enescu Philharmonic<\/span><\/p>\n<p><\/p>\n<p class=\"MsoNormal\"><span>January 22, 23<\/span><\/p>\n<p><\/p>\n<p class=\"MsoNormal\"><span>Giordano Bellincampi conducts the George Enescu Philharmonic Orchestra for a program of works by Schubert, Mahler, and Brahms. Baritone Thomas Hampson is the soloist. More details <\/span><span class=\"MsoHyperlink\"><span><a href=\"https:\/\/filarmonicaenescu.ro\/ro\/evenimente\">here<\/a><\/span><\/span><span>.<\/span><\/p>\n<p><\/p>\n<p class=\"MsoNormal\"><span>Rebecca @ Ion Dacian Operetta Theater<\/span><\/p>\n<p><\/p>\n<p class=\"MsoNormal\"><span>January 24, 25 <\/span><\/p>\n<p><\/p>\n<p class=\"MsoNormal\"><span>The show, by Attila B\u00e9res, returns to the stage of the Operetta Theater after half of a year. The musical was created by Michael Kunze and Sylvester Levay based on Daphne du Maurier\u2019s novel of the same name. More <\/span><span class=\"MsoHyperlink\"><span><a href=\"https:\/\/www.opereta.ro\/spectacole\/rebecca-2\/#1764350782452-365f1715-7a03\">here<\/a><\/span><\/span><span>.<\/span><\/p>\n<p><\/p>\n<p class=\"MsoNormal\"><span>RomanIa- Identity Representation of Traditional Dress in Art<\/span><\/p>\n<p><\/p>\n<p class=\"MsoNormal\"><span>Until February 8<\/span><\/p>\n<p><\/p>\n<p class=\"MsoNormal\"><span>The exhibition, scheduled to open at the National Museum of Art of Romania (MNAR) on November 21, will showcase various depictions of the traditional Romanian blouse ia as captured in painting, sculpture, drawing, photography, installation, film, music, posters, and more. Among the works included in the exhibition are several by Henri Matisse, including the iconic La Blouse Roumaine, part of the permanent collection of the Centre Pompidou in Paris. More <\/span><span class=\"MsoHyperlink\"><span><a href=\"https:\/\/www.romania-insider.com\/ia-exhibition-manr-nov-2025\">here<\/a><\/span><\/span><span> and <\/span><span class=\"MsoHyperlink\"><span><a href=\"https:\/\/mnar.ro\/descopera\/expozitii-temporare\/415-rom%C3%A2nia-reprezentarea-identitar%C4%83-a-portului-popular-%C3%AEn-art%C4%83\/7834-rom%C3%A2nia-reprezentarea-identitar%C4%83-a-portului-popular-%C3%AEn-art%C4%83\">here<\/a><\/span><\/span><span>.<\/span><\/p>\n<p><\/p>\n<p class=\"MsoNormal\"><span>Flying Carpets &#8211; Thomas Ruff &amp; Transylvania &amp; Anatolia<\/span><\/p>\n<p><\/p>\n<p class=\"MsoNormal\"><span>Until February 28<\/span><\/p>\n<p><\/p>\n<p class=\"MsoNormal\"><span>The exhibition \u201creveals the collision between tradition and modernity, between local and global, the fusion of seemingly irreconcilable values, so relevant to our hybrid present.\u201d More details <\/span><span class=\"MsoHyperlink\"><span><a href=\"https:\/\/mnar.ro\/descopera\/expozitii-temporare\/411-%E2%80%9Ecovoare-zbur%C4%83toare-%E2%80%93-thomas-ruff-transilvania-anatolia%E2%80%9D\/7829-%E2%80%9Ecovoare-zbur%C4%83toare-%E2%80%93-thomas-ruff-transilvania-anatolia%E2%80%9D-curator-erwin-kessler%20%20\">here<\/a><\/span><\/span><span>.<\/span><\/p>\n<p><\/p>\n<p class=\"MsoNormal\"><span>J\u00f3zsef Klein and the Baia Mare Art School<\/span><\/p>\n<p><\/p>\n<p class=\"MsoNormal\"><span>Until February 28<\/span><\/p>\n<p><\/p>\n<p class=\"MsoNormal\"><span>The exhibition includes a wide selection of paintings, drawings, sculptures and documents, mostly from the painter&#8217;s studio and from the Baia Mare County Museum of Art, the National Museum of Art of Romania, the Satu Mare County Museum, the Art Museum in Cluj, the Center for Culture, Art and Leisure in T\u00e2rgu-Mure\u0219, but also from private collections in Budapest and Paris. More <\/span><span class=\"MsoHyperlink\"><span><a href=\"https:\/\/mnar.ro\/descopera\/expozitii-temporare\/412-expozi%C8%9Bia-%E2%80%9Ej%C3%B3zsef-klein-%C8%99i-%C8%99coala-de-la-baia-mare%E2%80%9D\/7830-expozi%C8%9Bia-%E2%80%9Ej%C3%B3zsef-klein-%C8%99i-%C8%99coala-de-la-baia-mare%E2%80%9D\">here<\/a><\/span><\/span><span>.<\/span><\/p>\n<p><\/p>\n<p class=\"MsoNormal\"><span>Memories and Prophecies<\/span><\/p>\n<p><\/p>\n<p class=\"MsoNormal\"><span>Until January 31<\/span><\/p>\n<p><\/p>\n<p class=\"MsoNormal\"><span>This group exhibition gathers works by six artists represented by Gaep, namely R\u0103zvan Anton, Th\u00e9o Massoulier, Tania Mouraud, Damir O\u010dko, C\u0103t\u0103lin P\u00eeslaru, and Mihai Pl\u0103tic\u0103, alongside two invited artists \u2013 Roberta Curc\u0103 and Vlad Nanc\u0103. More details <\/span><span class=\"MsoHyperlink\"><span><a href=\"https:\/\/www.facebook.com\/events\/857927333624499\/?post_id=867761632641069&amp;acontext=%7B%22event_action_history%22%3A%5B%7B%22surface%22%3A%22search%22%7D%2C%7B%22mechanism%22%3A%22footer_attachment%22%2C%22surface%22%3A%22newsfeed%22%7D%5D%2C%22ref_notif_type%22%3Anull%7D\">here<\/a><\/span><\/span><span>.<\/span><\/p>\n<p><\/p>\n<p class=\"MsoNormal\"><span>The Art of the Game<\/span><\/p>\n<p><\/p>\n<p class=\"MsoNormal\"><span>Until March 1<\/span><\/p>\n<p><\/p>\n<p class=\"MsoNormal\"><span>The event in dedicated to video games and related arts opens at ARCUB, with a weekend full of events dedicated to both professionals in the video game industry, but also to the general public. More details <\/span><span class=\"MsoHyperlink\"><span><a href=\"https:\/\/arcub.ro\/eveniment\/the-art-of-the-game\">here<\/a><\/span><\/span><span>.<\/span><\/p>\n<p><\/p>\n<p class=\"MsoNormal\"><span>In the country:<\/span><\/p>\n<p><\/p>\n<p class=\"MsoNormal\"><span>Retinal Vertigo<\/span><\/p>\n<p><\/p>\n<p class=\"MsoNormal\"><span>January 23 &#8211; March 21<\/span><\/p>\n<p><\/p>\n<p class=\"MsoNormal\"><span>This solo exhibition by artist Radu Oreian is open at the Art Encounters Foundation in Timi\u0219oara. More <\/span><span class=\"MsoHyperlink\"><span><a href=\"https:\/\/artencounters.ro\/en\/expozitie\/radu-oreian-retinal-vertigo\/\">here<\/a><\/span><\/span><span>.<\/span><\/p>\n<p><\/p>\n<p class=\"MsoNormal\"><span>National Salsa Congress <\/span><\/p>\n<p><\/p>\n<p class=\"MsoNormal\"><span>January 22\u2013 January 26<\/span><\/p>\n<p><\/p>\n<p class=\"MsoNormal\"><span>The event invites lovers of Latin American dances to Bra\u0219ov for the 17th edition of the annual gathering of salsa dancers from Romania. It brings together dance schools from across the country and includes four nights filled with dance, set to the music of some of the most appreciated DJs in the genre. More details <\/span><span class=\"MsoHyperlink\"><span><a href=\"https:\/\/nationalsalsacongress.ro\/ro\/acasa\/\">here<\/a><\/span><\/span><span>.<\/span><\/p>\n<p><\/p>\n<p class=\"MsoNormal\"><em><span><\/span><\/em><\/p>\n<p><em>(Photo:\u00a0<\/em><\/p>\n<p><a href=\"https:\/\/www.dreamstime.com\/mikkeell_info\">Mihai Olaru<\/a>\u00a0|\u00a0<a href=\"https:\/\/www.dreamstime.com\/stock-photos\">Dreamstime.com<\/a>)<span><\/span><\/p>\n<p><\/p>\n<p class=\"MsoNormal\"><em><\/em><em><span>editor@romania-insider.com<\/span><\/em><\/p>","protected":false},"excerpt":{"rendered":"<p>Exhibitions, concerts, and themed film screenings are on the agenda in Bucharest, while Bra\u0219ov hosts a large salsa event. In Bucharest: Memory of Holocaust Film Days January 23 \u2013 January 25 Documentaries and other productions highlight one of the darkest episodes in history. More details on the program here. Concerts @ George Enescu Philharmonic January [&hellip;]<\/p>\n","protected":false},"author":0,"featured_media":0,"comment_status":"open","ping_status":"closed","sticky":false,"template":"","format":"standard","meta":{"footnotes":""},"categories":[1],"tags":[],"class_list":["post-8526","post","type-post","status-publish","format-standard","hentry","category-uncategorized"],"_links":{"self":[{"href":"https:\/\/ofero.news\/index.php?rest_route=\/wp\/v2\/posts\/8526","targetHints":{"allow":["GET"]}}],"collection":[{"href":"https:\/\/ofero.news\/index.php?rest_route=\/wp\/v2\/posts"}],"about":[{"href":"https:\/\/ofero.news\/index.php?rest_route=\/wp\/v2\/types\/post"}],"replies":[{"embeddable":true,"href":"https:\/\/ofero.news\/index.php?rest_route=%2Fwp%2Fv2%2Fcomments&post=8526"}],"version-history":[{"count":0,"href":"https:\/\/ofero.news\/index.php?rest_route=\/wp\/v2\/posts\/8526\/revisions"}],"wp:attachment":[{"href":"https:\/\/ofero.news\/index.php?rest_route=%2Fwp%2Fv2%2Fmedia&parent=8526"}],"wp:term":[{"taxonomy":"category","embeddable":true,"href":"https:\/\/ofero.news\/index.php?rest_route=%2Fwp%2Fv2%2Fcategories&post=8526"},{"taxonomy":"post_tag","embeddable":true,"href":"https:\/\/ofero.news\/index.php?rest_route=%2Fwp%2Fv2%2Ftags&post=8526"}],"curies":[{"name":"wp","href":"https:\/\/api.w.org\/{rel}","templated":true}]}}