{"id":8509,"date":"2026-01-21T09:00:26","date_gmt":"2026-01-21T09:00:26","guid":{"rendered":"https:\/\/ofero.news\/?p=8509"},"modified":"2026-01-21T09:00:26","modified_gmt":"2026-01-21T09:00:26","slug":"romanian-adrian-sovea-takes-on-420-km-charity-run-to-support-children-with-disabilities","status":"publish","type":"post","link":"https:\/\/ofero.news\/?p=8509","title":{"rendered":"Romanian Adrian \u0218ovea takes on 420 km charity run to support children with disabilities"},"content":{"rendered":"<p>Romanian ultramarathon runner Adrian \u0218ovea has embarked on a 420 km charity run along the so-called Unification Route\/Traseul Unirii, aiming to raise support for children with disabilities. The quest is set to end on January 24 &#8211; the day of the Union of the Romanian Principalities. \u00a0<\/p>\n<p>\u0218ovea set off on Monday, January 19, from Pia\u021ba Unirii in Bucharest and plans to finish six days later in Pia\u021ba Unirii in Ia\u0219i, marking 167 years since the Union of Moldova with Wallachia. Along the way, other runners are expected to join him for shorter or longer segments to help promote the cause of solidarity, <a href=\"https:\/\/agerpres.ro\/social\/2026\/01\/19\/iasi-un-tanar-alearga-420-kilometri-pe-traseul-unirii-pentru-copiii-cu-dizabilitati--1519933\" target=\"_blank\">Agerpres<\/a> reported.\u00a0<\/p>\n<p>The route has been divided into daily stages, starting with a 71 km run from Bucharest to Ploie\u0219ti, followed by 73 kilometres from Ploie\u0219ti to Buz\u0103u, and another 73 kilometres from Buz\u0103u to R\u00e2mnicu S\u0103rat and then Foc\u0219ani.\u00a0<\/p>\n<p>On day four, Adrian \u0218ovea will run 63 kilometres from Foc\u0219ani to Tutova, then 65 kilometres via B\u00e2rlad to Vaslui on day five, before completing the final 65 kilometres from Vaslui to Ia\u0219i.<\/p>\n<p>\u201cWinners are those who don\u2019t give up,\u201d \u0218ovea said, stressing that the run is not about medals or records but about perseverance and helping others.<\/p>\n<p>He has been running for social causes for eight years, describing his efforts as a way of opening doors for people in need.<\/p>\n<p>Further details about the charity run and ways to support it are also available <a href=\"https:\/\/fiideajutor.ro\/adrian-sovea-alearga-420-km-pentru-copiii-cu-dizabilitati-pe-traseul-unirii-video\" target=\"_blank\">here<\/a>.<\/p>\n\n<p>Since the start of 2026, Adrian \u0218ovea has already completed two other charity runs, covering 80 kilometres in Ia\u0219i and 72 kilometres between Vaslui and Ia\u0219i, to help raise funds for assistive devices needed by two young brothers diagnosed with tetraparesis.<\/p>\n<p>irina.marica@romania-insider.com<\/p>\n<p>(Photo source: Fiideajutor.ro)<\/p>","protected":false},"excerpt":{"rendered":"<p>Romanian ultramarathon runner Adrian \u0218ovea has embarked on a 420 km charity run along the so-called Unification Route\/Traseul Unirii, aiming to raise support for children with disabilities. The quest is set to end on January 24 &#8211; the day of the Union of the Romanian Principalities. \u00a0 \u0218ovea set off on Monday, January 19, from [&hellip;]<\/p>\n","protected":false},"author":0,"featured_media":0,"comment_status":"open","ping_status":"closed","sticky":false,"template":"","format":"standard","meta":{"footnotes":""},"categories":[1],"tags":[],"class_list":["post-8509","post","type-post","status-publish","format-standard","hentry","category-uncategorized"],"_links":{"self":[{"href":"https:\/\/ofero.news\/index.php?rest_route=\/wp\/v2\/posts\/8509","targetHints":{"allow":["GET"]}}],"collection":[{"href":"https:\/\/ofero.news\/index.php?rest_route=\/wp\/v2\/posts"}],"about":[{"href":"https:\/\/ofero.news\/index.php?rest_route=\/wp\/v2\/types\/post"}],"replies":[{"embeddable":true,"href":"https:\/\/ofero.news\/index.php?rest_route=%2Fwp%2Fv2%2Fcomments&post=8509"}],"version-history":[{"count":0,"href":"https:\/\/ofero.news\/index.php?rest_route=\/wp\/v2\/posts\/8509\/revisions"}],"wp:attachment":[{"href":"https:\/\/ofero.news\/index.php?rest_route=%2Fwp%2Fv2%2Fmedia&parent=8509"}],"wp:term":[{"taxonomy":"category","embeddable":true,"href":"https:\/\/ofero.news\/index.php?rest_route=%2Fwp%2Fv2%2Fcategories&post=8509"},{"taxonomy":"post_tag","embeddable":true,"href":"https:\/\/ofero.news\/index.php?rest_route=%2Fwp%2Fv2%2Ftags&post=8509"}],"curies":[{"name":"wp","href":"https:\/\/api.w.org\/{rel}","templated":true}]}}