{"id":8439,"date":"2026-01-16T08:01:16","date_gmt":"2026-01-16T08:01:16","guid":{"rendered":"https:\/\/ofero.news\/?p=8439"},"modified":"2026-01-16T08:01:16","modified_gmt":"2026-01-16T08:01:16","slug":"berlinale-2026-romanian-films-selected-for-forum-and-generation-sections","status":"publish","type":"post","link":"https:\/\/ofero.news\/?p=8439","title":{"rendered":"Berlinale 2026: Romanian films selected for Forum and Generation sections"},"content":{"rendered":"<p>Romanian cinema will also be represented at the 2026 Berlin International Film Festival &#8211; Berlinale, with two feature films selected for major sections of the event: Forum and Generation. This year\u2019s edition runs from February 12 to 22.<\/p>\n<p>De capul nostru\/On Our Own, the latest fiction feature by director Tudor Cristian Jurgiu, has been selected for the Berlinale\u2019s Forum section, where it will have its world premiere during the festival. This category\u00a0is dedicated to contemporary auteur cinema and films noted for innovative narrative and aesthetic approaches, often tackling pressing social issues, according to the press release.\u00a0<\/p>\n<p>De capul nostru follows a group of teenagers growing up in a small Romanian town while their parents work abroad, exploring themes of early maturity, emotional isolation, and the search for belonging among young people left without adult support.<\/p>\n<p>\u201cThere are around 150,000 children in Romania whose parents work abroad, a phenomenon that generates deep emotional trauma and fragile family relationships. That is where my interest in this story began,\u201d Jurgiu said.<\/p>\n<p>The <a href=\"https:\/\/www.berlinale.de\/en\/2026\/programme\/202610372.html\" target=\"_blank\">film<\/a> stars Denisa Vraja, Vlad Furtun\u0103, Mara Diaconu Ducica, Sofia Vasiliu, Dominique Toma, Steliana B\u0103l\u0103cianu, and Robert Radoveneanu. It will be released in Romanian cinemas in 2026.<\/p>\n<p>In a separate selection, Atlasul universului\/The Atlas of the Universe, directed by Paul Negoescu, has become the first Romanian film chosen for the Berlinale Generation competition, dedicated to young audiences, according to the official announcement. The <a href=\"https:\/\/www.berlinale.de\/en\/2026\/programme\/202607554.html\" target=\"_blank\">feature<\/a> will premiere in the Generation Kplus section, which focuses on stories about childhood, coming of age, and young people\u2019s inner worlds.<\/p>\n<p>The film tells the story of a ten-year-old boy who sets off on a journey to find a missing shoe after accidentally buying two right-foot shoes, in a sensitive adventure about courage, friendship, and self-discovery.\u00a0<\/p>\n<p>The lead role is played by 11-year-old Matei Donciu, in his first film appearance, alongside actors Marin Grigore, Andreea Gr\u0103mo\u0219teanu, and Andrei Mateiu.<\/p>\n<p>The Berlin International Film Festival is one of the world\u2019s most important film events, bringing together filmmakers, industry professionals, and audiences from more than 100 countries each year.<\/p>\n<p>irina.marica@romania-insider.com<\/p>\n<p>(Photo source:\u00a0<em><a href=\"https:\/\/www.dreamstime.com\/filmspiegel_info\">Denis Makarenko<\/a>\/<a href=\"https:\/\/www.dreamstime.com\/stock-photos\">Dreamstime.com<\/a>)<\/em><\/p>","protected":false},"excerpt":{"rendered":"<p>Romanian cinema will also be represented at the 2026 Berlin International Film Festival &#8211; Berlinale, with two feature films selected for major sections of the event: Forum and Generation. This year\u2019s edition runs from February 12 to 22. De capul nostru\/On Our Own, the latest fiction feature by director Tudor Cristian Jurgiu, has been selected [&hellip;]<\/p>\n","protected":false},"author":0,"featured_media":0,"comment_status":"open","ping_status":"closed","sticky":false,"template":"","format":"standard","meta":{"footnotes":""},"categories":[1],"tags":[],"class_list":["post-8439","post","type-post","status-publish","format-standard","hentry","category-uncategorized"],"_links":{"self":[{"href":"https:\/\/ofero.news\/index.php?rest_route=\/wp\/v2\/posts\/8439","targetHints":{"allow":["GET"]}}],"collection":[{"href":"https:\/\/ofero.news\/index.php?rest_route=\/wp\/v2\/posts"}],"about":[{"href":"https:\/\/ofero.news\/index.php?rest_route=\/wp\/v2\/types\/post"}],"replies":[{"embeddable":true,"href":"https:\/\/ofero.news\/index.php?rest_route=%2Fwp%2Fv2%2Fcomments&post=8439"}],"version-history":[{"count":0,"href":"https:\/\/ofero.news\/index.php?rest_route=\/wp\/v2\/posts\/8439\/revisions"}],"wp:attachment":[{"href":"https:\/\/ofero.news\/index.php?rest_route=%2Fwp%2Fv2%2Fmedia&parent=8439"}],"wp:term":[{"taxonomy":"category","embeddable":true,"href":"https:\/\/ofero.news\/index.php?rest_route=%2Fwp%2Fv2%2Fcategories&post=8439"},{"taxonomy":"post_tag","embeddable":true,"href":"https:\/\/ofero.news\/index.php?rest_route=%2Fwp%2Fv2%2Ftags&post=8439"}],"curies":[{"name":"wp","href":"https:\/\/api.w.org\/{rel}","templated":true}]}}