{"id":8384,"date":"2026-01-13T13:00:36","date_gmt":"2026-01-13T13:00:36","guid":{"rendered":"https:\/\/ofero.news\/?p=8384"},"modified":"2026-01-13T13:00:36","modified_gmt":"2026-01-13T13:00:36","slug":"romania-to-be-guest-of-honor-at-cairo-international-book-fair-2026","status":"publish","type":"post","link":"https:\/\/ofero.news\/?p=8384","title":{"rendered":"Romania to be guest of honor at Cairo International Book Fair 2026"},"content":{"rendered":"<p>Romania will be the guest of honor at the 2026 edition of the Cairo International Book Fair, the Ministry of Culture announced. The event will take place between January 21 and February 3, 2026, and will coincide with the celebration of 120 years of diplomatic relations between Romania and Egypt.<\/p>\n<p>As guest of honor at the 57th edition of the fair, Romania will present an extensive cultural program focused on contemporary literature, translations, cultural dialogue, and academic cooperation. The program includes around 30 events and will bring together 60 participants from Romania and abroad.<\/p>\n<p>The official opening of Romania\u2019s national stand is scheduled for January 22 and will feature prominent authors including Tatiana \u021a\u00eebuleac, Ioana P\u00e2rvulescu, Denisa Com\u0103nescu, Matei Vi\u0219niec, Varujan Vosganian, Bogdan-Alexandru St\u0103nescu, C\u0103t\u0103lin Pavel, and Radu Vancu, the ministry announced.<\/p>\n<p>The agenda also features literary debates, book launches of Romanian works translated into Arabic, professional meetings between publishers, academic discussions, and a dedicated children\u2019s program.<\/p>\n<p>Beyond literature, Romania\u2019s presence will include the photo exhibition \u201cThe Unknown Beauty of Romania,\u201d as well as performances of traditional Romanian music and dance.<\/p>\n<p>In parallel, Romania will also take part in the international forum \u201cCairo: Interwoven Voices 2,\u201d a platform dedicated to artistic dialogue and cross-cultural cooperation.<\/p>\n<p>irina.marica@romania-insider.com<\/p>\n<p>(Photo source: Facebook\/<em><a href=\"https:\/\/www.facebook.com\/MinisterulCulturiiRomania?__cft__%5B0%5D=AZaZZT-Di1rj4UWuJH3G3CJq00gfnvGRzmmgzPkCaYK7Xy5qGinsbO9YD6ATgsmLmjPRtMMxcIXiWZ5pff2s3D9bsfAivLd0ijN6rWyBAYQugjNV3TOtJauhxbXp3n5r9d_TGbUPNU9BQgkOckd7StzP1oP_Ypci2QRrSDW6EYezcmwBgdluVArsoi4GGlgfHak&amp;__tn__=-UC*F\">Ministerul Culturii<\/a>)<\/em><\/p>","protected":false},"excerpt":{"rendered":"<p>Romania will be the guest of honor at the 2026 edition of the Cairo International Book Fair, the Ministry of Culture announced. The event will take place between January 21 and February 3, 2026, and will coincide with the celebration of 120 years of diplomatic relations between Romania and Egypt. As guest of honor at [&hellip;]<\/p>\n","protected":false},"author":0,"featured_media":0,"comment_status":"open","ping_status":"closed","sticky":false,"template":"","format":"standard","meta":{"footnotes":""},"categories":[1],"tags":[],"class_list":["post-8384","post","type-post","status-publish","format-standard","hentry","category-uncategorized"],"_links":{"self":[{"href":"https:\/\/ofero.news\/index.php?rest_route=\/wp\/v2\/posts\/8384","targetHints":{"allow":["GET"]}}],"collection":[{"href":"https:\/\/ofero.news\/index.php?rest_route=\/wp\/v2\/posts"}],"about":[{"href":"https:\/\/ofero.news\/index.php?rest_route=\/wp\/v2\/types\/post"}],"replies":[{"embeddable":true,"href":"https:\/\/ofero.news\/index.php?rest_route=%2Fwp%2Fv2%2Fcomments&post=8384"}],"version-history":[{"count":0,"href":"https:\/\/ofero.news\/index.php?rest_route=\/wp\/v2\/posts\/8384\/revisions"}],"wp:attachment":[{"href":"https:\/\/ofero.news\/index.php?rest_route=%2Fwp%2Fv2%2Fmedia&parent=8384"}],"wp:term":[{"taxonomy":"category","embeddable":true,"href":"https:\/\/ofero.news\/index.php?rest_route=%2Fwp%2Fv2%2Fcategories&post=8384"},{"taxonomy":"post_tag","embeddable":true,"href":"https:\/\/ofero.news\/index.php?rest_route=%2Fwp%2Fv2%2Ftags&post=8384"}],"curies":[{"name":"wp","href":"https:\/\/api.w.org\/{rel}","templated":true}]}}