{"id":8327,"date":"2026-01-08T13:00:25","date_gmt":"2026-01-08T13:00:25","guid":{"rendered":"https:\/\/ofero.news\/?p=8327"},"modified":"2026-01-08T13:00:25","modified_gmt":"2026-01-08T13:00:25","slug":"weekend-calendar-new-year-concert-george-enescu-philharmonic-exhibitions-film-screenings","status":"publish","type":"post","link":"https:\/\/ofero.news\/?p=8327","title":{"rendered":"Weekend calendar: New Year concert @ George Enescu Philharmonic, exhibitions, film screenings"},"content":{"rendered":"<h4 class=\"MsoNormal\"><span>The second weekend of the year comes with the option of visiting exhibitions, sampling the film offer, or attending a concert.<\/span><\/h4>\n<h4 class=\"MsoNormal\"><span>\n<p>In Bucharest:<\/p>\n<p><\/p><\/span><\/h4>\n<p class=\"MsoNormal\"><span>New Year concert @ George Enescu Philharmonic<\/span><\/p>\n<p><\/p>\n<p class=\"MsoNormal\"><span>January 8, 9<\/span><\/p>\n<p><\/p>\n<p class=\"MsoNormal\"><span>Vlad Vizireanu conducts the George Enescu Philharmonic Orchestra for a program of works by Gioachino Rossini, Camille Saint-Saens, Wolfgang Amadeus Mozart, Johannes Brahms, Pablo Sarasate, Johann Strauss II and<\/span> <span>Nikolai Rimsky-Korsakov. Violinist Remus Azoi\u021bei is the soloist. More details <\/span><span class=\"MsoHyperlink\"><span><a href=\"https:\/\/filarmonicaenescu.ro\/ro\/evenimente\">here<\/a><\/span><\/span><span>.<\/span><\/p>\n<p><\/p>\n<p class=\"MsoNormal\"><span>Jean-Luc Godard focus @ Elvire Popesco Cinema<\/span><\/p>\n<p><\/p>\n<p class=\"MsoNormal\"><span>January 11<\/span><\/p>\n<p><\/p>\n<p class=\"MsoNormal\"><span>Le M\u00e9pris<\/span><span>, the last film in the program dedicated to the giant of the French New Wave, is screened this weekend. More details <a href=\"https:\/\/www.facebook.com\/events\/1257697939505405\">here<\/a>.<\/span><\/p>\n<p><\/p>\n<p class=\"MsoNormal\"><span>RomanIa- Identity Representation of Traditional Dress in Art<\/span><\/p>\n<p><\/p>\n<p class=\"MsoNormal\"><span>Until February 8<\/span><\/p>\n<p><\/p>\n<p class=\"MsoNormal\"><span>The exhibition, scheduled to open at the National Museum of Art of Romania (MNAR) on November 21, will showcase various depictions of the traditional Romanian blouse ia as captured in painting, sculpture, drawing, photography, installation, film, music, posters, and more. Among the works included in the exhibition are several by Henri Matisse, including the iconic La Blouse Roumaine, part of the permanent collection of the Centre Pompidou in Paris. More <\/span><span class=\"MsoHyperlink\"><span><a href=\"https:\/\/www.romania-insider.com\/ia-exhibition-manr-nov-2025\">here<\/a><\/span><\/span><span> and <\/span><span class=\"MsoHyperlink\"><span><a href=\"https:\/\/mnar.ro\/descopera\/expozitii-temporare\/415-rom%C3%A2nia-reprezentarea-identitar%C4%83-a-portului-popular-%C3%AEn-art%C4%83\/7834-rom%C3%A2nia-reprezentarea-identitar%C4%83-a-portului-popular-%C3%AEn-art%C4%83\">here<\/a><\/span><\/span><span>.<\/span><\/p>\n<p><\/p>\n<p class=\"MsoNormal\"><span>Flying Carpets &#8211; Thomas Ruff &amp; Transylvania &amp; Anatolia<\/span><\/p>\n<p><\/p>\n<p class=\"MsoNormal\"><span>Until February 28<\/span><\/p>\n<p><\/p>\n<p class=\"MsoNormal\"><span>The exhibition \u201creveals the collision between tradition and modernity, between local and global, the fusion of seemingly irreconcilable values, so relevant to our hybrid present.\u201d More details <\/span><span class=\"MsoHyperlink\"><span><a href=\"https:\/\/mnar.ro\/descopera\/expozitii-temporare\/411-%E2%80%9Ecovoare-zbur%C4%83toare-%E2%80%93-thomas-ruff-transilvania-anatolia%E2%80%9D\/7829-%E2%80%9Ecovoare-zbur%C4%83toare-%E2%80%93-thomas-ruff-transilvania-anatolia%E2%80%9D-curator-erwin-kessler%20%20\">here<\/a><\/span><\/span><span>.<\/span><\/p>\n<p><\/p>\n<p class=\"MsoNormal\"><span>J\u00f3zsef Klein and the Baia Mare Art School<\/span><\/p>\n<p><\/p>\n<p class=\"MsoNormal\"><span>Until February 28<\/span><\/p>\n<p><\/p>\n<p class=\"MsoNormal\"><span>The exhibition includes a wide selection of paintings, drawings, sculptures and documents, mostly from the painter&#8217;s studio and from the Baia Mare County Museum of Art, the National Museum of Art of Romania, the Satu Mare County Museum, the Art Museum in Cluj, the Center for Culture, Art and Leisure in T\u00e2rgu-Mure\u0219, but also from private collections in Budapest and Paris. More <\/span><span class=\"MsoHyperlink\"><span><a href=\"https:\/\/mnar.ro\/descopera\/expozitii-temporare\/412-expozi%C8%9Bia-%E2%80%9Ej%C3%B3zsef-klein-%C8%99i-%C8%99coala-de-la-baia-mare%E2%80%9D\/7830-expozi%C8%9Bia-%E2%80%9Ej%C3%B3zsef-klein-%C8%99i-%C8%99coala-de-la-baia-mare%E2%80%9D\">here<\/a><\/span><\/span><span>.<\/span><\/p>\n<p><\/p>\n<p class=\"MsoNormal\"><span>Memories and Prophecies<\/span><\/p>\n<p><\/p>\n<p class=\"MsoNormal\"><span>Until January 31<\/span><\/p>\n<p><\/p>\n<p class=\"MsoNormal\"><span>This group exhibition gathers works by six artists represented by Gaep, namely R\u0103zvan Anton, Th\u00e9o Massoulier, Tania Mouraud, Damir O\u010dko, C\u0103t\u0103lin P\u00eeslaru, and Mihai Pl\u0103tic\u0103, alongside two invited artists \u2013 Roberta Curc\u0103 and Vlad Nanc\u0103. More details <\/span><span class=\"MsoHyperlink\"><span><a href=\"https:\/\/www.facebook.com\/events\/857927333624499\/?post_id=867761632641069&amp;acontext=%7B%22event_action_history%22%3A%5B%7B%22surface%22%3A%22search%22%7D%2C%7B%22mechanism%22%3A%22footer_attachment%22%2C%22surface%22%3A%22newsfeed%22%7D%5D%2C%22ref_notif_type%22%3Anull%7D\">here<\/a><\/span><\/span><span>.<\/span><\/p>\n<p><\/p>\n<p class=\"MsoNormal\"><span>The Art of the Game<\/span><\/p>\n<p><\/p>\n<p class=\"MsoNormal\"><span>Until March 1<\/span><\/p>\n<p><\/p>\n<p class=\"MsoNormal\"><span>The event in dedicated to video games and related arts opens at ARCUB, with a weekend full of events dedicated to both professionals in the video game industry, but also to the general public. More details <\/span><span class=\"MsoHyperlink\"><span><a href=\"https:\/\/arcub.ro\/eveniment\/the-art-of-the-game\">here<\/a><\/span><\/span><span>.<\/span><\/p>\n<p><\/p>\n<p class=\"MsoNormal\"><em><span><\/span><\/em><\/p>\n<p><em>(Photo:\u00a0<\/em><\/p>\n<p><a href=\"https:\/\/www.dreamstime.com\/photostock2015_info\">Calinescu Silviu<\/a>\u00a0|\u00a0<a href=\"https:\/\/www.dreamstime.com\/\">Dreamstime.com<\/a>)<span><\/span><\/p>\n<p><\/p>\n<p class=\"MsoNormal\"><em><\/em><em><span>editor@romania-insider.com<\/span><\/em><\/p>","protected":false},"excerpt":{"rendered":"<p>The second weekend of the year comes with the option of visiting exhibitions, sampling the film offer, or attending a concert. In Bucharest: New Year concert @ George Enescu Philharmonic January 8, 9 Vlad Vizireanu conducts the George Enescu Philharmonic Orchestra for a program of works by Gioachino Rossini, Camille Saint-Saens, Wolfgang Amadeus Mozart, Johannes [&hellip;]<\/p>\n","protected":false},"author":0,"featured_media":0,"comment_status":"open","ping_status":"closed","sticky":false,"template":"","format":"standard","meta":{"footnotes":""},"categories":[1],"tags":[],"class_list":["post-8327","post","type-post","status-publish","format-standard","hentry","category-uncategorized"],"_links":{"self":[{"href":"https:\/\/ofero.news\/index.php?rest_route=\/wp\/v2\/posts\/8327","targetHints":{"allow":["GET"]}}],"collection":[{"href":"https:\/\/ofero.news\/index.php?rest_route=\/wp\/v2\/posts"}],"about":[{"href":"https:\/\/ofero.news\/index.php?rest_route=\/wp\/v2\/types\/post"}],"replies":[{"embeddable":true,"href":"https:\/\/ofero.news\/index.php?rest_route=%2Fwp%2Fv2%2Fcomments&post=8327"}],"version-history":[{"count":0,"href":"https:\/\/ofero.news\/index.php?rest_route=\/wp\/v2\/posts\/8327\/revisions"}],"wp:attachment":[{"href":"https:\/\/ofero.news\/index.php?rest_route=%2Fwp%2Fv2%2Fmedia&parent=8327"}],"wp:term":[{"taxonomy":"category","embeddable":true,"href":"https:\/\/ofero.news\/index.php?rest_route=%2Fwp%2Fv2%2Fcategories&post=8327"},{"taxonomy":"post_tag","embeddable":true,"href":"https:\/\/ofero.news\/index.php?rest_route=%2Fwp%2Fv2%2Ftags&post=8327"}],"curies":[{"name":"wp","href":"https:\/\/api.w.org\/{rel}","templated":true}]}}