{"id":8196,"date":"2025-12-18T08:00:47","date_gmt":"2025-12-18T08:00:47","guid":{"rendered":"https:\/\/ofero.news\/?p=8196"},"modified":"2025-12-18T08:00:47","modified_gmt":"2025-12-18T08:00:47","slug":"weekend-calendar-christmas-markets-jewelry-fair-and-carols","status":"publish","type":"post","link":"https:\/\/ofero.news\/?p=8196","title":{"rendered":"Weekend calendar:  Christmas markets, jewelry fair, and carols"},"content":{"rendered":"<h4 class=\"MsoNormal\"><span>It\u2019s the last weekend before Christmas and another chance to search for presents or enjoy the season\u2019s music.\n<p><\/p><\/span><\/h4>\n<h4 class=\"MsoNormal\"><span>In Bucharest:\n<p><\/p><\/span><\/h4>\n<p class=\"MsoNormal\"><span>Bucharest Christmas Market<\/span><span><\/span><\/p>\n<p><\/p>\n<p class=\"MsoNormal\"><span>November 29 &#8211; December 28<\/span><\/p>\n<p><\/p>\n<p class=\"MsoNormal\"><span>Held in the city&#8217;s Constitu\u021biei Square, the event will have a 30-meter-high Christmas tree, Santa Claus&#8217;s House and a Ferris wheel, in addition to numerous stalls with season products.<\/span><\/p>\n<p><\/p>\n<p class=\"MsoNormal\"><span>Bucharest Downtown Christmas Market<\/span><span><\/span><\/p>\n<p><\/p>\n<p class=\"MsoNormal\"><span>November 29 &#8211; December 28<\/span><\/p>\n<p><\/p>\n<p class=\"MsoNormal\"><span>University Square hosts this event featuring a special culinary pop-up for the holidays, a Christmas tree, a carousel, and various light installations.<\/span><\/p>\n<p><\/p>\n<p class=\"MsoNormal\"><span>Bucharest Opera Christmas Market<\/span><span><\/span><\/p>\n<p><\/p>\n<p class=\"MsoNormal\"><span>December 6 \u2013 December 28<\/span><\/p>\n<p><\/p>\n<p class=\"MsoNormal\"><span>The esplanade of the Bucharest turns into a festive space, hosting classical music performances, recitals, concerts, a variety of workshops, and many other events.<\/span><\/p>\n<p><\/p>\n<p class=\"MsoNormal\"><span>Christmas Jewelry Fair<\/span><\/p>\n<p><\/p>\n<p class=\"MsoNormal\"><span>December 20 \u2013 December 21<\/span><\/p>\n<p><\/p>\n<p class=\"MsoNormal\"><span>The public can discover the works of 18 contemporary jewelry designers and collectives, each with their own vision and techniques. More details <\/span><span class=\"MsoHyperlink\"><span><a href=\"https:\/\/www.facebook.com\/events\/1882484359018232\/?acontext=%7B%22event_action_history%22%3A%5B%7B%22mechanism%22%3A%22discovery_local_tab%22%2C%22surface%22%3A%22bookmark%22%7D%5D%2C%22ref_notif_type%22%3Anull%7D\">here<\/a><\/span><\/span><span>.<\/span><\/p>\n<p><\/p>\n<p class=\"MsoNormal\"><span>Concerts @ George Enescu Philharmonic<\/span><span><\/span><\/p>\n<p><\/p>\n<p class=\"MsoNormal\"><span>December 18, 19<\/span><\/p>\n<p><\/p>\n<p class=\"MsoNormal\"><span>Leo Hussain conducts the George Enescu Philharmonic Orchestra for a program of works by Rimsky-Korsakov, Tchaikovsky, and Engelbert Humperdinck. Violinist Alexander Sitkovetsky is the soloist. More details\u00a0<\/span><span class=\"MsoHyperlink\"><span><a href=\"https:\/\/filarmonicaenescu.ro\/ro\/eveniment\/concert-simfonic-3824\">here<\/a><\/span><\/span><span>.<\/span><\/p>\n<p><\/p>\n<p class=\"MsoNormal\"><span>Little Classics \u2013 Christmas Carols for Children<\/span><\/p>\n<p><\/p>\n<p class=\"MsoNormal\"><span>December 19<\/span><\/p>\n<p><\/p>\n<p class=\"MsoNormal\"><span>The Parliament Palace hosts this event by Cvartet Sonore. More details <a href=\"https:\/\/www.iabilet.ro\/bilete-little-classics-christmas-carols-for-children-118213\/\">here<\/a>.<\/span><\/p>\n<p><\/p>\n<p class=\"MsoNormal\"><span>Christmas concert @ Sala Radio<\/span><\/p>\n<p><\/p>\n<p class=\"MsoNormal\"><span>December 19<\/span><\/p>\n<p><\/p>\n<p class=\"MsoNormal\"><span>Nicolae Moldoveanu conducts the National Radio Orchestra. More info <a href=\"https:\/\/salaradio.ro\/events\/concert-de-craciun-orchestra-nationala-radio\/\">here<\/a>.<\/span><\/p>\n<p><\/p>\n<p class=\"MsoNormal\"><span>RomanIa- Identity Representation of Traditional Dress in Art<\/span><span><\/span><\/p>\n<p><\/p>\n<p class=\"MsoNormal\"><span>November 21 &#8211; February 8<\/span><\/p>\n<p><\/p>\n<p class=\"MsoNormal\"><span>The exhibition, scheduled to open at the National Museum of Art of Romania (MNAR) on November 21, will showcase various depictions of the traditional Romanian blouse ia as captured in painting, sculpture, drawing, photography, installation, film, music, posters, and more. Among the works included in the exhibition are several by Henri Matisse, including the iconic La Blouse Roumaine, part of the permanent collection of the Centre Pompidou in Paris. More\u00a0<\/span><span class=\"MsoHyperlink\"><span><a href=\"https:\/\/www.romania-insider.com\/ia-exhibition-manr-nov-2025\">here<\/a><\/span><\/span><span>\u00a0and\u00a0<\/span><span class=\"MsoHyperlink\"><span><a href=\"https:\/\/mnar.ro\/descopera\/expozitii-temporare\/415-rom%C3%A2nia-reprezentarea-identitar%C4%83-a-portului-popular-%C3%AEn-art%C4%83\/7834-rom%C3%A2nia-reprezentarea-identitar%C4%83-a-portului-popular-%C3%AEn-art%C4%83\">here<\/a><\/span><\/span><span>.<\/span><\/p>\n<p><\/p>\n<p class=\"MsoNormal\"><span>Flying Carpets &#8211; Thomas Ruff &amp; Transylvania &amp; Anatolia<\/span><span><\/span><\/p>\n<p><\/p>\n<p class=\"MsoNormal\"><span>Until February 28<\/span><\/p>\n<p><\/p>\n<p class=\"MsoNormal\"><span>The exhibition \u201creveals the collision between tradition and modernity, between local and global, the fusion of seemingly irreconcilable values, so relevant to our hybrid present.\u201d More details\u00a0<\/span><span class=\"MsoHyperlink\"><span><a href=\"https:\/\/mnar.ro\/descopera\/expozitii-temporare\/411-%E2%80%9Ecovoare-zbur%C4%83toare-%E2%80%93-thomas-ruff-transilvania-anatolia%E2%80%9D\/7829-%E2%80%9Ecovoare-zbur%C4%83toare-%E2%80%93-thomas-ruff-transilvania-anatolia%E2%80%9D-curator-erwin-kessler%20%20\">here<\/a><\/span><\/span><span>.<\/span><\/p>\n<p><\/p>\n<p class=\"MsoNormal\"><span>J\u00f3zsef Klein and the Baia Mare Art School<\/span><span><\/span><\/p>\n<p><\/p>\n<p class=\"MsoNormal\"><span>Until February 28<\/span><\/p>\n<p><\/p>\n<p class=\"MsoNormal\"><span>The exhibition includes a wide selection of paintings, drawings, sculptures and documents, mostly from the painter&#8217;s studio and from the Baia Mare County Museum of Art, the National Museum of Art of Romania, the Satu Mare County Museum, the Art Museum in Cluj, the Center for Culture, Art and Leisure in T\u00e2rgu-Mure\u0219, but also from private collections in Budapest and Paris. More\u00a0<\/span><span class=\"MsoHyperlink\"><span><a href=\"https:\/\/mnar.ro\/descopera\/expozitii-temporare\/412-expozi%C8%9Bia-%E2%80%9Ej%C3%B3zsef-klein-%C8%99i-%C8%99coala-de-la-baia-mare%E2%80%9D\/7830-expozi%C8%9Bia-%E2%80%9Ej%C3%B3zsef-klein-%C8%99i-%C8%99coala-de-la-baia-mare%E2%80%9D\">here<\/a><\/span><\/span><span>.<\/span><\/p>\n<p><\/p>\n<p class=\"MsoNormal\"><span>Memories and Prophecies<\/span><span><\/span><\/p>\n<p><\/p>\n<p class=\"MsoNormal\"><span>November 21 \u2013 January 31<\/span><\/p>\n<p><\/p>\n<p class=\"MsoNormal\"><span>This group exhibition gathers works by six artists represented by Gaep, namely R\u0103zvan Anton, Th\u00e9o Massoulier, Tania Mouraud, Damir O\u010dko, C\u0103t\u0103lin P\u00eeslaru, and Mihai Pl\u0103tic\u0103, alongside two invited artists \u2013 Roberta Curc\u0103 and Vlad Nanc\u0103. More details\u00a0<\/span><span class=\"MsoHyperlink\"><span><a href=\"https:\/\/www.facebook.com\/events\/857927333624499\/?post_id=867761632641069&amp;acontext=%7B%22event_action_history%22%3A%5B%7B%22surface%22%3A%22search%22%7D%2C%7B%22mechanism%22%3A%22footer_attachment%22%2C%22surface%22%3A%22newsfeed%22%7D%5D%2C%22ref_notif_type%22%3Anull%7D\">here<\/a><\/span><\/span><span>.<\/span><\/p>\n<p><\/p>\n<p class=\"MsoNormal\"><span>The Art of the Game<\/span><span><\/span><\/p>\n<p><\/p>\n<p class=\"MsoNormal\"><span>Until March 1<\/span><\/p>\n<p><\/p>\n<p class=\"MsoNormal\"><span>The event in dedicated to video games and related arts opens at ARCUB, with a weekend full of events dedicated to both professionals in the video game industry, but also to the general public. More details\u00a0<\/span><span class=\"MsoHyperlink\"><span><a href=\"https:\/\/arcub.ro\/eveniment\/the-art-of-the-game\">here<\/a><\/span><\/span><span>.<\/span><\/p>\n<p><\/p>\n<p class=\"MsoNormal\"><span>In the country:<\/span><\/p>\n<p><\/p>\n<p class=\"MsoNormal\"><span>Sibiu Christmas Market<\/span><span><\/span><\/p>\n<p><\/p>\n<p class=\"MsoNormal\"><span>November 14 \u2013 January 4<\/span><\/p>\n<p><\/p>\n<p class=\"MsoNormal\"><span>The event turns Sibiu\u2019s Grand Square into a fairytale setting, with dozens of beautifully decorated stalls where visitors can find gifts and traditional culinary delights.<\/span><\/p>\n<p><\/p>\n<p class=\"MsoNormal\"><span>Craiova Christmas Market<\/span><span><\/span><\/p>\n<p><\/p>\n<p class=\"MsoNormal\"><span>November 14 \u2013 January 4<\/span><\/p>\n<p><\/p>\n<p class=\"MsoNormal\"><span>Several squares in the city will host events of the market, which takes place under the theme of the Nutcracker. The concerts are held in Fra\u021bii Buze\u0219ti Square, on Fridays and Saturdays.<\/span><\/p>\n<p><\/p>\n<p class=\"MsoNormal\"><span>Cluj Christmas Market \u2013 Planet Christmas<\/span><span><\/span><\/p>\n<p><\/p>\n<p class=\"MsoNormal\"><span>November 21 \u2013 January 1<\/span><\/p>\n<p><\/p>\n<p class=\"MsoNormal\"><span>The event is held in the city\u2019s Unirii Square, promising surprises for both children and adults, concerts and other shows.<\/span><\/p>\n<p><\/p>\n<p class=\"MsoNormal\"><span>Oradea Christmas Market<\/span><span><\/span><\/p>\n<p><\/p>\n<p class=\"MsoNormal\"><span>November 28 \u2013 December 26<\/span><\/p>\n<p><\/p>\n<p class=\"MsoNormal\"><span>Oradea residents can head to the city&#8217;s Unirii Square and Ferdinand Square for carols, traditional winter treats, festive concerts, and meetings with Santa Claus.<\/span><\/p>\n<p><\/p>\n<p class=\"MsoNormal\"><span>Bra\u0219ov Christmas Market<\/span><span><\/span><\/p>\n<p><\/p>\n<p class=\"MsoNormal\"><span>November 30 \u2013 January 11<\/span><\/p>\n<p><\/p>\n<p class=\"MsoNormal\"><span>Focused on community, tradition, and authenticity, the event takes place in three areas of the city, namely the Council Square, Saint John Square, and the Rectorate area.<\/span><\/p>\n<p><\/p>\n<p class=\"MsoNormal\"><span>Ia\u0219i Christmas Market<\/span><span><\/span><\/p>\n<p><\/p>\n<p class=\"MsoNormal\"><span>November 30 \u2013 January 5<\/span><\/p>\n<p><\/p>\n<p class=\"MsoNormal\"><span>Several spots alongside the Bd. \u0218tefan cel Mare \u2013 Pia\u021ba Unirii \u2013 Str. The L\u0103pu\u0219neanu axis will host events and offer the city&#8217;s residents the opportunity to purchase decorations, gifts, hot drinks, and traditional dishes.<\/span><\/p>\n<p><\/p>\n<p class=\"MsoNormal\"><span>Timi\u0219oara Christmas Market<\/span><span><\/span><\/p>\n<p><\/p>\n<p class=\"MsoNormal\"><span>November 30 \u2013 January 7<\/span><\/p>\n<p><\/p>\n<p class=\"MsoNormal\"><span>The city\u2019s Victoriei Square and Sf Gheorghe Square will be the place to experience the magic of the winter holidays, while the little train will return to the city streets for those who want to enjoy a festive ride and sing along to lots of carols.<\/span><\/p>\n<p><\/p>\n<p class=\"MsoNormal\"><em><span><\/span><\/em><\/p>\n<p><em>(Photo:\u00a0<\/em><\/p>\n<p><a href=\"https:\/\/www.dreamstime.com\/brocko_info\">Radu Brotoiu<\/a>\u00a0|\u00a0<a href=\"https:\/\/www.dreamstime.com\/stock-photos\">Dreamstime.com<\/a>)<span><\/span><\/p>\n<p><\/p>\n<p class=\"MsoNormal\"><em><\/em><em><span>editor@romania-insider.com<\/span><\/em><\/p>\n<p class=\"MsoNormal\">\u00a0<\/p>","protected":false},"excerpt":{"rendered":"<p>It\u2019s the last weekend before Christmas and another chance to search for presents or enjoy the season\u2019s music. In Bucharest: Bucharest Christmas Market November 29 &#8211; December 28 Held in the city&#8217;s Constitu\u021biei Square, the event will have a 30-meter-high Christmas tree, Santa Claus&#8217;s House and a Ferris wheel, in addition to numerous stalls with [&hellip;]<\/p>\n","protected":false},"author":0,"featured_media":0,"comment_status":"open","ping_status":"closed","sticky":false,"template":"","format":"standard","meta":{"footnotes":""},"categories":[1],"tags":[],"class_list":["post-8196","post","type-post","status-publish","format-standard","hentry","category-uncategorized"],"_links":{"self":[{"href":"https:\/\/ofero.news\/index.php?rest_route=\/wp\/v2\/posts\/8196","targetHints":{"allow":["GET"]}}],"collection":[{"href":"https:\/\/ofero.news\/index.php?rest_route=\/wp\/v2\/posts"}],"about":[{"href":"https:\/\/ofero.news\/index.php?rest_route=\/wp\/v2\/types\/post"}],"replies":[{"embeddable":true,"href":"https:\/\/ofero.news\/index.php?rest_route=%2Fwp%2Fv2%2Fcomments&post=8196"}],"version-history":[{"count":0,"href":"https:\/\/ofero.news\/index.php?rest_route=\/wp\/v2\/posts\/8196\/revisions"}],"wp:attachment":[{"href":"https:\/\/ofero.news\/index.php?rest_route=%2Fwp%2Fv2%2Fmedia&parent=8196"}],"wp:term":[{"taxonomy":"category","embeddable":true,"href":"https:\/\/ofero.news\/index.php?rest_route=%2Fwp%2Fv2%2Fcategories&post=8196"},{"taxonomy":"post_tag","embeddable":true,"href":"https:\/\/ofero.news\/index.php?rest_route=%2Fwp%2Fv2%2Ftags&post=8196"}],"curies":[{"name":"wp","href":"https:\/\/api.w.org\/{rel}","templated":true}]}}