{"id":8151,"date":"2025-12-15T14:00:40","date_gmt":"2025-12-15T14:00:40","guid":{"rendered":"https:\/\/ofero.news\/?p=8151"},"modified":"2025-12-15T14:00:40","modified_gmt":"2025-12-15T14:00:40","slug":"former-justice-minister-rodica-stanoiu-exhumed-by-romanian-prosecutors","status":"publish","type":"post","link":"https:\/\/ofero.news\/?p=8151","title":{"rendered":"Former justice minister Rodica St\u0103noiu exhumed by Romanian prosecutors"},"content":{"rendered":"<p>The body of Romanian former justice minister Rodica St\u0103noiu was exhumed on Monday, December 15, after prosecutors opened an <em>in rem<\/em> case regarding her suspicious death, <a href=\"https:\/\/www.digi24.ro\/stiri\/actualitate\/rodica-stanoiu-a-fost-deshumata-trupul-fostei-ministru-al-justitiei-urmeaza-sa-fie-dus-la-inml-la-cerea-procurorilor-surse-3546515\">Digi24<\/a> reported.\u00a0Investigators are looking into the possibility that the former minister may have been killed through negligence.\u00a0<\/p>\n<p>Rodica St\u0103noiu, former justice minister in the Adrian N\u0103stase government, died on December 3, at the age of 86.<\/p>\n<p>The Prosecutor\u2019s Office attached to the Ilfov Tribunal opened a case of suspicious death in the minister\u2019s death after they discovered that a few days before her death, Rodica St\u0103noiu was hospitalized at the \u201cAlexandru Obregia\u201d Hospital in Bucharest, with traces of blows on her body. She was discharged at the request of her partner.<\/p>\n<p>\u201cSeveral pieces of evidence were administered which revealed the need to carry out more thorough investigations related to the last period of the life of St\u0103noiu Rodica,\u201d prosecutors said, cited by Digi24. They also mentioned \u201ctraces of acts of violence on her body, and aspects concerning the victim\u2019s personal life in the last period.\u201d<\/p>\n<p>To uncover the truth, the case prosecutor ordered the exhumation of the body of Rodica St\u0103noiu from Izvorul Nou Cemetery in Bucharest.\u00a0Prosecutors also requested medical documents from the Floreasca and Obregia hospitals as part of the investigation.<\/p>\n<p>Hearings are to be conducted to establish the circumstances in which she died.\u00a0The investigations will continue under the supervision of the Prosecutor\u2019s Office attached to the Ilfov Tribunal.<\/p>\n<p>The announcement regarding the death of Rodica St\u0103noiu was made by former prime minister and PSD leader Adrian N\u0103stase on his blog. He called Rodica St\u0103noiu \u201can old friend and colleague,\u201d stating that she had an important contribution to reforms in the field of justice.<\/p>\n<p><em><a href=\"mailto:radu@romania-insider.com\">radu@romania-insider.com<\/a><\/em><\/p>\n<p><em>(Photo source: Inquam Photos | George Calin)<\/em><\/p>","protected":false},"excerpt":{"rendered":"<p>The body of Romanian former justice minister Rodica St\u0103noiu was exhumed on Monday, December 15, after prosecutors opened an in rem case regarding her suspicious death, Digi24 reported.\u00a0Investigators are looking into the possibility that the former minister may have been killed through negligence.\u00a0 Rodica St\u0103noiu, former justice minister in the Adrian N\u0103stase government, died on [&hellip;]<\/p>\n","protected":false},"author":0,"featured_media":0,"comment_status":"open","ping_status":"closed","sticky":false,"template":"","format":"standard","meta":{"footnotes":""},"categories":[1],"tags":[],"class_list":["post-8151","post","type-post","status-publish","format-standard","hentry","category-uncategorized"],"_links":{"self":[{"href":"https:\/\/ofero.news\/index.php?rest_route=\/wp\/v2\/posts\/8151","targetHints":{"allow":["GET"]}}],"collection":[{"href":"https:\/\/ofero.news\/index.php?rest_route=\/wp\/v2\/posts"}],"about":[{"href":"https:\/\/ofero.news\/index.php?rest_route=\/wp\/v2\/types\/post"}],"replies":[{"embeddable":true,"href":"https:\/\/ofero.news\/index.php?rest_route=%2Fwp%2Fv2%2Fcomments&post=8151"}],"version-history":[{"count":0,"href":"https:\/\/ofero.news\/index.php?rest_route=\/wp\/v2\/posts\/8151\/revisions"}],"wp:attachment":[{"href":"https:\/\/ofero.news\/index.php?rest_route=%2Fwp%2Fv2%2Fmedia&parent=8151"}],"wp:term":[{"taxonomy":"category","embeddable":true,"href":"https:\/\/ofero.news\/index.php?rest_route=%2Fwp%2Fv2%2Fcategories&post=8151"},{"taxonomy":"post_tag","embeddable":true,"href":"https:\/\/ofero.news\/index.php?rest_route=%2Fwp%2Fv2%2Ftags&post=8151"}],"curies":[{"name":"wp","href":"https:\/\/api.w.org\/{rel}","templated":true}]}}