{"id":8094,"date":"2025-12-10T13:00:25","date_gmt":"2025-12-10T13:00:25","guid":{"rendered":"https:\/\/ofero.news\/?p=8094"},"modified":"2025-12-10T13:00:25","modified_gmt":"2025-12-10T13:00:25","slug":"exhibition-explores-the-place-of-jazz-in-pre-1990-bucharest","status":"publish","type":"post","link":"https:\/\/ofero.news\/?p=8094","title":{"rendered":"Exhibition explores the place of jazz in pre-1990 Bucharest"},"content":{"rendered":"<p>The multimedia exhibition <em>Aici Se Vede Jazz (Here You Can See Jazz),<\/em> set to open at SAC Berthelot in Bucharest, explores how jazz found its way in the pre-1990 Bucharest and \u201cthe contemporary ways to listen, visualize, perform and relate artistically to its world of sounds and ideas.\u201d<\/p>\n<p>Bucharest had improvised studios, rehearsals with the lights turned off, and listeners \u201cthat understood instinctively that freedom circulates on different rhythms than the allowed ones,\u201d a presentation of the show explains. The exhibition, presented by Arhiva de Sunet, looks at how jazz \u201cnegotiated order, time, and body in a control-based society and the way this memory can be reactivated today.\u201d<\/p>\n<p>The show gathers works by 111invers1, Apparatus 22, Justin Baroncea &amp; Cristian Matei, Ion B\u00e2rl\u0103deanu, R\u0103zvan Boti\u0219, Gigi C\u0103ciuleanu, Claudiu Cobilanschi, Nicolae Com\u0103nescu, Iulian Cristea, Roberta Curc\u0103, Andrei Dinescu, Cosmin Frunte\u0219, Dimitrie Luca Gora, Dumitru Gorzo, Iosif Kiraly, NOIMA, Oana Maria Pop, Miriam R\u0103ducanu, and Ramon Sad\u00eec.<\/p>\n<p>The works \u201cactivate the concerns for and the relationship between memory, time, rhythm, gesture, sound experiment, and their perception and representation.\u201d From urban routes to polyphonic structures and interventions of invited artists, the show is meant to be a visual jam session.<\/p>\n<p><em>The exhibition, curated by Alex Radu, Paul Breazu, and Mihai Luk\u00e1cs, is open from December 14 to January 24.<\/em><\/p>\n<p><em>(Photo:\u00a0Arhiva de jazz Bras\u0326ov @Orsolya Balint, courtesy of the organizers)<\/em><\/p>\n<p><em>simona@romania-insider.com<\/em><\/p>","protected":false},"excerpt":{"rendered":"<p>The multimedia exhibition Aici Se Vede Jazz (Here You Can See Jazz), set to open at SAC Berthelot in Bucharest, explores how jazz found its way in the pre-1990 Bucharest and \u201cthe contemporary ways to listen, visualize, perform and relate artistically to its world of sounds and ideas.\u201d Bucharest had improvised studios, rehearsals with the [&hellip;]<\/p>\n","protected":false},"author":0,"featured_media":0,"comment_status":"open","ping_status":"closed","sticky":false,"template":"","format":"standard","meta":{"footnotes":""},"categories":[1],"tags":[],"class_list":["post-8094","post","type-post","status-publish","format-standard","hentry","category-uncategorized"],"_links":{"self":[{"href":"https:\/\/ofero.news\/index.php?rest_route=\/wp\/v2\/posts\/8094","targetHints":{"allow":["GET"]}}],"collection":[{"href":"https:\/\/ofero.news\/index.php?rest_route=\/wp\/v2\/posts"}],"about":[{"href":"https:\/\/ofero.news\/index.php?rest_route=\/wp\/v2\/types\/post"}],"replies":[{"embeddable":true,"href":"https:\/\/ofero.news\/index.php?rest_route=%2Fwp%2Fv2%2Fcomments&post=8094"}],"version-history":[{"count":0,"href":"https:\/\/ofero.news\/index.php?rest_route=\/wp\/v2\/posts\/8094\/revisions"}],"wp:attachment":[{"href":"https:\/\/ofero.news\/index.php?rest_route=%2Fwp%2Fv2%2Fmedia&parent=8094"}],"wp:term":[{"taxonomy":"category","embeddable":true,"href":"https:\/\/ofero.news\/index.php?rest_route=%2Fwp%2Fv2%2Fcategories&post=8094"},{"taxonomy":"post_tag","embeddable":true,"href":"https:\/\/ofero.news\/index.php?rest_route=%2Fwp%2Fv2%2Ftags&post=8094"}],"curies":[{"name":"wp","href":"https:\/\/api.w.org\/{rel}","templated":true}]}}