{"id":8077,"date":"2025-12-10T07:00:31","date_gmt":"2025-12-10T07:00:31","guid":{"rendered":"https:\/\/ofero.news\/?p=8077"},"modified":"2025-12-10T07:00:31","modified_gmt":"2025-12-10T07:00:31","slug":"macron-confirms-2026-visit-to-bucharest-as-french-and-romanian-leaders-hold-economy-security-talks-in-paris","status":"publish","type":"post","link":"https:\/\/ofero.news\/?p=8077","title":{"rendered":"Macron confirms 2026 visit to Bucharest as French and Romanian leaders hold economy, security talks in Paris"},"content":{"rendered":"<p>Romanian president Nicu\u0219or Dan <a href=\"https:\/\/www.presidency.ro\/ro\/media\/declaratii-de-presa\/declaratiile-de-presa-sustinute-de-presedintele-romaniei-nicusor-dan-in-cadrul-vizitei-in-republica-franceza\" target=\"_blank\">announced<\/a> on Tuesday, December 9, that French president Emmanuel Macron will pay an official visit to Romania in 2026. The confirmation was made during Dan\u2019s visit to Paris, where the two leaders held extensive discussions on defence, security, and economic cooperation.<\/p>\n<p>After the meeting at the \u00c9lys\u00e9e Palace, Nicu\u0219or Dan described the talks with Macron as \u201cextremely cordial,\u201d highlighting what he called the exceptional relationship between Romania and France, rooted in history and reinforced by long-term strategic interests.<\/p>\n<p>Security dominated the agenda, with the Romanian president noting France\u2019s significant role within NATO\u2019s posture on the eastern flank, including the presence of French troops in Romania. The two leaders also discussed the strategic importance of the Black Sea and developments in the defence industry under the EU\u2019s SAFE programme.\u00a0<\/p>\n<p>Dan emphasised that Romania has entered a new phase in which defence investments must create lasting industrial capacities capable not only of fulfilling national military needs but also of supporting exports.<\/p>\n<p>\u201cWe discussed the economy and French investments in Romania, and president Macron emphasized that the vast majority of French investments in Romania are long-term strategic investments, not speculative ones, as we sometimes see,\u201d president Dan said. \u201cWe also talked about concrete matters, such as the Tarni\u021ba project, which a French company intends to undertake in the energy sector.\u201d<\/p>\n<p>Moreover, the two presidents confirmed their alignment on issues concerning the Republic of Moldova. Also, ahead of next week\u2019s European Council meeting, they exchanged views on the EU budget, support for Ukraine, and shared challenges posed by hybrid warfare and disinformation.<\/p>\n<p>\u201cI invited president Macron, and he confirmed a visit to Romania in 2026,\u201d Nicu\u0219or Dan also announced.<\/p>\n<p>A symbolic moment of the visit was shared publicly, as the \u00c9lys\u00e9e Palace released a video of the two presidents speaking Romanian and French. Macron talks in Romanian in this video, saying \u201cTr\u0103iasc\u0103 prietenia dintre Rom\u00e2nia \u015fi Fran\u0163a\u201d (\u201cLong live the friendship between Romania and France\u201d). Then, both leaders say \u201c\u00c0 bient\u00f4t\u201d (\u201cSee you soon\u201d).<\/p>\n\n<p>Nicu\u0219or Dan\u2019s programme in Paris also included a meeting with mayor Anne Hidalgo. The two attended <a href=\"https:\/\/www.romania-insider.com\/nicolae-titulescu-alley-paris-dec-2025\" target=\"_blank\">the inauguration of a new alley<\/a> named after Romanian diplomat Nicolae Titulescu in Paris\u2019s Parc Monceau.<\/p>\n<p>In addition, president Dan met with representatives of French companies. He announced that Bucharest will host a Romanian-French business forum next year.\u00a0<\/p>\n<p>The Romanian president also met members of the Romanian community in France and spoke to French media, stating that Romania must present itself abroad \u201cas it is,\u201d with both its challenges and its opportunities.<\/p>\n<p>Meanwhile, in another statement published Tuesday evening, Nicu\u0219or Dan said he met French defence and emerging-technology companies and reiterated that Romania plans to significantly increase defence spending while seeking genuine industrial partnerships rather than simple procurement deals.\u00a0<\/p>\n<p>\u201cMany French companies already have advanced plans for cooperation and investment alongside Romanian firms. In the field of emerging technologies, artificial intelligence, and cybersecurity, France is a European leader, and its collaboration with Romania\u2019s IT industry already has solid foundations. Only through joint investments can we bridge Europe\u2019s gaps in these strategic sectors,\u201d the president said on Facebook.<\/p>\n<p>Dan also visited the Thales factory in Limours, Europe\u2019s largest radar production centre, describing it as essential for Romania\u2019s goal of developing high-tech manufacturing capacities domestically. Romania, he added, has talented engineers capable of contributing to cutting-edge technologies that will directly strengthen national security.<\/p>\n\n<p>irina.marica@romania-insider.com<\/p>\n<p>(Photo source: Presidency.ro)<\/p>","protected":false},"excerpt":{"rendered":"<p>Romanian president Nicu\u0219or Dan announced on Tuesday, December 9, that French president Emmanuel Macron will pay an official visit to Romania in 2026. The confirmation was made during Dan\u2019s visit to Paris, where the two leaders held extensive discussions on defence, security, and economic cooperation. After the meeting at the \u00c9lys\u00e9e Palace, Nicu\u0219or Dan described [&hellip;]<\/p>\n","protected":false},"author":0,"featured_media":0,"comment_status":"open","ping_status":"closed","sticky":false,"template":"","format":"standard","meta":{"footnotes":""},"categories":[1],"tags":[],"class_list":["post-8077","post","type-post","status-publish","format-standard","hentry","category-uncategorized"],"_links":{"self":[{"href":"https:\/\/ofero.news\/index.php?rest_route=\/wp\/v2\/posts\/8077","targetHints":{"allow":["GET"]}}],"collection":[{"href":"https:\/\/ofero.news\/index.php?rest_route=\/wp\/v2\/posts"}],"about":[{"href":"https:\/\/ofero.news\/index.php?rest_route=\/wp\/v2\/types\/post"}],"replies":[{"embeddable":true,"href":"https:\/\/ofero.news\/index.php?rest_route=%2Fwp%2Fv2%2Fcomments&post=8077"}],"version-history":[{"count":0,"href":"https:\/\/ofero.news\/index.php?rest_route=\/wp\/v2\/posts\/8077\/revisions"}],"wp:attachment":[{"href":"https:\/\/ofero.news\/index.php?rest_route=%2Fwp%2Fv2%2Fmedia&parent=8077"}],"wp:term":[{"taxonomy":"category","embeddable":true,"href":"https:\/\/ofero.news\/index.php?rest_route=%2Fwp%2Fv2%2Fcategories&post=8077"},{"taxonomy":"post_tag","embeddable":true,"href":"https:\/\/ofero.news\/index.php?rest_route=%2Fwp%2Fv2%2Ftags&post=8077"}],"curies":[{"name":"wp","href":"https:\/\/api.w.org\/{rel}","templated":true}]}}