{"id":7956,"date":"2025-12-02T11:00:41","date_gmt":"2025-12-02T11:00:41","guid":{"rendered":"https:\/\/ofero.news\/?p=7956"},"modified":"2025-12-02T11:00:41","modified_gmt":"2025-12-02T11:00:41","slug":"former-mep-vlad-gheorghe-withdraws-from-bucharest-mayoral-race-backs-liberal-candidate","status":"publish","type":"post","link":"https:\/\/ofero.news\/?p=7956","title":{"rendered":"Former MEP Vlad Gheorghe withdraws from Bucharest mayoral race, backs Liberal candidate"},"content":{"rendered":"<p>Former MEP Vlad Gheorghe has withdrawn from the race for the Bucharest City Hall and urged people to support the candidate of the National Liberal Party (PNL), district 6 mayor Ciprian Ciucu. The announcement was made in a press conference on Tuesday, December 2, alongside the latter.<\/p>\n<p>To motivate his decision, Gheorghe pointed at the <a href=\"https:\/\/www.romania-insider.com\/bucharest-mayor-elections-poll-dec-2025\">rising score of extremist candidate Anca Alexandrescu<\/a>, although he did not name her.<\/p>\n<p>\u201cThe extremist candidate, with ties and history in the Social Democratic Party (PSD), has real chances of becoming mayor of the capital. At this moment, the responsible thing to do is to support Ciprian Ciucu, so that Bucharest remains a bastion of democracy and does not end up in the hands of PSD extremists. I ask all those who wanted to vote for me in the December 7 elections to support Ciprian Ciucu,\u201d said Vlad Gheorghe, cited by <a href=\"https:\/\/www.digi24.ro\/alegeri-bucuresti-2025\/vlad-gheorghe-se-retrage-din-cursa-pentru-primaria-capitalei-pe-cine-va-sprijini-3528127\">Digi24<\/a>.<\/p>\n<p>In turn, Ciprian Ciucu <a href=\"https:\/\/www.facebook.com\/photo\/?fbid=10164584034094203&amp;set=a.156612699202\">thanked<\/a> Gheorghe for his support. \u201cWe both have a clear vision for this city, one against bureaucracy, for eliminating corruption, and for bringing efficiency to the administration. What unites us are European and democratic values,\u201d he said.<\/p>\n<p>Ciucu also highlighted the current ranking in polls, according to the National Liberal Party. \u201cThe PSD candidate is stabilized in third place, the USR candidate in fourth place, with very little chance of growth, and is running a negative, divisive campaign,\u201d he said.\u00a0<\/p>\n<p>Vlad Gheorghe\u2019s announcement comes just a few days before the Bucharest elections, scheduled for Sunday, December 7. Despite his announcement, Gheorghe\u2019s name will remain on the ballot.<\/p>\n<p>Last week, Ciprian Ciucu also\u00a0<a href=\"https:\/\/www.digi24.ro\/alegeri-bucuresti-2025\/forta-dreptei-il-sustine-pe-ciprian-ciucu-in-campania-pentru-primaria-capitalei-3522797\">received the backing<\/a> of the small center-right party Forta Dreptei, led by former prime minister Ludovic Orban, but also from the reformist party REPER.\u00a0<\/p>\n<p>At the end of November, Vlad Gheorghe published a poll conducted by the polling firm CIRA, which ranked\u00a0the current mayor of district 4,\u00a0Daniel B\u0103lu\u021b\u0103, with 24%, followed by Ciprian Ciucu, the mayor of district 6, with 21%, and Anca Alexandrescu with 19%. Immediately after the poll was published, the former MEP appealed to the other candidates.<\/p>\n<p>\u201cIf we don\u2019t sit at the same table, there is a major risk that PSD or AUR will take over the capital. If that happens, we are all to blame,\u201d Vlad Gheorghe wrote on his Facebook page.<\/p>\n<p>A more recent poll, published on Monday and conducted by AtlasIntel at the request of <a href=\"https:\/\/hotnews.ro\/sondaj-atlasintel-alegeri-primaria-capitalei-anca-alexandrescu-creste-puternic-si-e-practic-la-egalitate-cu-daniel-baluta-2120149\">HotNews<\/a>, showed a different order in the Bucharest ranking: Daniel B\u0103lu\u021b\u0103 in first place, with 23.3%, followed closely by Anca Alexandrescu (23.2%), and Ciprian Ciucu in third place with 21.7%. In fourth place, according to the survey, is USR candidate C\u0103t\u0103lin Drul\u0103 with 15.5%. Vlad Gheorghe was rated at 0.9% in voting intentions.<\/p>\n<p>A lawyer by profession, Vlad Gheorghe, 40, holds a bachelor\u2019s degree from the Faculty of Law, Romanian-American University, Bucharest (2004\u20132008), and a master\u2019s degree in Tax Law from the University of Bucharest (2016\u20132017, without dissertation). He entered politics in 2015, as a volunteer for the Save Bucharest Union (USB), which later became USR. He resigned from USR at the beginning of 2024 following an internal scandal. That year, he ran for a new term as an MEP, as an independent, but did not gather the necessary votes.<\/p>\n<p><em><a href=\"mailto:radu@romania-insider.com\">radu@romania-insider.com<\/a><\/em><\/p>\n<p><em>(Photo source: Vlad Gheorghe on Facebook video capture)<\/em><\/p>","protected":false},"excerpt":{"rendered":"<p>Former MEP Vlad Gheorghe has withdrawn from the race for the Bucharest City Hall and urged people to support the candidate of the National Liberal Party (PNL), district 6 mayor Ciprian Ciucu. The announcement was made in a press conference on Tuesday, December 2, alongside the latter. To motivate his decision, Gheorghe pointed at the [&hellip;]<\/p>\n","protected":false},"author":0,"featured_media":0,"comment_status":"open","ping_status":"closed","sticky":false,"template":"","format":"standard","meta":{"footnotes":""},"categories":[1],"tags":[],"class_list":["post-7956","post","type-post","status-publish","format-standard","hentry","category-uncategorized"],"_links":{"self":[{"href":"https:\/\/ofero.news\/index.php?rest_route=\/wp\/v2\/posts\/7956","targetHints":{"allow":["GET"]}}],"collection":[{"href":"https:\/\/ofero.news\/index.php?rest_route=\/wp\/v2\/posts"}],"about":[{"href":"https:\/\/ofero.news\/index.php?rest_route=\/wp\/v2\/types\/post"}],"replies":[{"embeddable":true,"href":"https:\/\/ofero.news\/index.php?rest_route=%2Fwp%2Fv2%2Fcomments&post=7956"}],"version-history":[{"count":0,"href":"https:\/\/ofero.news\/index.php?rest_route=\/wp\/v2\/posts\/7956\/revisions"}],"wp:attachment":[{"href":"https:\/\/ofero.news\/index.php?rest_route=%2Fwp%2Fv2%2Fmedia&parent=7956"}],"wp:term":[{"taxonomy":"category","embeddable":true,"href":"https:\/\/ofero.news\/index.php?rest_route=%2Fwp%2Fv2%2Fcategories&post=7956"},{"taxonomy":"post_tag","embeddable":true,"href":"https:\/\/ofero.news\/index.php?rest_route=%2Fwp%2Fv2%2Ftags&post=7956"}],"curies":[{"name":"wp","href":"https:\/\/api.w.org\/{rel}","templated":true}]}}