{"id":7902,"date":"2025-11-27T07:00:46","date_gmt":"2025-11-27T07:00:46","guid":{"rendered":"https:\/\/ofero.news\/?p=7902"},"modified":"2025-11-27T07:00:46","modified_gmt":"2025-11-27T07:00:46","slug":"extended-weekend-calendar-national-day-parade-st-andrew-fair-bucharest-christmas-markets-and-more","status":"publish","type":"post","link":"https:\/\/ofero.news\/?p=7902","title":{"rendered":"Extended weekend calendar: National Day parade, St Andrew fair, Bucharest Christmas markets and more"},"content":{"rendered":"<h4 class=\"MsoNormal\"><span>Romania celebrates its National Day this long weekend, when December 1 is a public holiday, as is St Andrew\u2019s Day. At the same time, several Christmas markets are opening in Bucharest, Bra\u0219ov, and Timi\u0219oara.<\/span><span>\n<p><\/p><\/span><\/h4>\n<p class=\"MsoNormal\"><span>In Bucharest: <\/span><\/p>\n<p><\/p>\n<p class=\"MsoNormal\"><span>National Day Parade<\/span><\/p>\n<p><\/p>\n<p class=\"MsoNormal\"><span>December 1<\/span><\/p>\n<p><\/p>\n<p class=\"MsoNormal\"><span>More than 2,900 troops, military equipment and 45 aircraft will be part of the parade taking part in the area of the Arch of Triumph. Some 240 foreign soldiers, from detachments of France, North Macedonia, the Republic of Moldova, Poland, Portugal, Spain, the USA, as well as soldiers from allied countries contributing to NATO structures on Romanian territory will also take part. Other major parades celebrating Romania\u2019s National Day are scheduled to take place in Alba Iulia and Ia\u0219i.<\/span><\/p>\n<p><\/p>\n<p class=\"MsoNormal\"><span>Bucharest Christmas Market<\/span><\/p>\n<p><\/p>\n<p class=\"MsoNormal\"><span>November 29 &#8211; December 28<\/span><\/p>\n<p><\/p>\n<p class=\"MsoNormal\"><span>Held in the city&#8217;s Constitu\u021biei Square, the event will have a 30-meter-high Christmas tree, Santa Claus&#8217;s House and a Ferris wheel, in addition to numerous stalls with season products.<\/span><\/p>\n<p><\/p>\n<p class=\"MsoNormal\"><span>Bucharest Downtown Christmas Market<\/span><\/p>\n<p><\/p>\n<p class=\"MsoNormal\"><span>November 29 &#8211; December 28<\/span><\/p>\n<p><\/p>\n<p class=\"MsoNormal\"><span>University Square hosts this event featuring a special culinary pop-up for the holidays, a Christmas tree, a carousel, and various light installations. <\/span><\/p>\n<p><\/p>\n<p class=\"MsoNormal\"><span>Art Safari<\/span><\/p>\n<p><\/p>\n<p class=\"MsoNormal\"><span>Until December 14<\/span><\/p>\n<p><\/p>\n<p class=\"MsoNormal\"><span>The event, held at Dacia-Romania Palace, encompasses five exhibitions exploring the work of Theodor Pallady, the story of George Enescu or Japanese design. Further info <\/span><span class=\"MsoHyperlink\"><span><a href=\"https:\/\/www.artsafari.ro\/\">here<\/a><\/span><\/span><span>.<\/span><\/p>\n<p><\/p>\n<p class=\"MsoNormal\"><span>Concerts @ George Enescu Philharmonic<\/span><\/p>\n<p><\/p>\n<p class=\"MsoNormal\"><span>November 27, 28<\/span><\/p>\n<p><\/p>\n<p class=\"MsoNormal\"><span>Gabriel Bebe\u0219elea conducts the George Enescu Philharmonic Orchestra for a program of works by Enescu and<\/span> <span>Dvo\u0159\u00e1k. Cellist Jaemin Han is the soloist. More details <\/span><span class=\"MsoHyperlink\"><span><a href=\"https:\/\/filarmonicaenescu.ro\/ro\/eveniment\/concert-simfonic-2698\">here<\/a><\/span><\/span><span>.<\/span><\/p>\n<p><\/p>\n<p class=\"MsoNormal\"><span>RomanIa- Identity Representation of Traditional Dress in Art<\/span><\/p>\n<p><\/p>\n<p class=\"MsoNormal\"><span>November 21 &#8211; February 8<\/span><\/p>\n<p><\/p>\n<p class=\"MsoNormal\"><span>The exhibition, scheduled to open at the National Museum of Art of Romania (MNAR) on November 21, will showcase various depictions of the traditional Romanian blouse ia as captured in painting, sculpture, drawing, photography, installation, film, music, posters, and more. Among the works included in the exhibition are several by Henri Matisse, including the iconic La Blouse Roumaine, part of the permanent collection of the Centre Pompidou in Paris. More <\/span><span class=\"MsoHyperlink\"><span><a href=\"https:\/\/www.romania-insider.com\/ia-exhibition-manr-nov-2025\">here<\/a><\/span><\/span><span> and <\/span><span class=\"MsoHyperlink\"><span><a href=\"https:\/\/mnar.ro\/descopera\/expozitii-temporare\/415-rom%C3%A2nia-reprezentarea-identitar%C4%83-a-portului-popular-%C3%AEn-art%C4%83\/7834-rom%C3%A2nia-reprezentarea-identitar%C4%83-a-portului-popular-%C3%AEn-art%C4%83\">here<\/a><\/span><\/span><span>.<\/span><\/p>\n<p><\/p>\n<p class=\"MsoNormal\"><span>Flying Carpets &#8211; Thomas Ruff &amp; Transylvania &amp; Anatolia<\/span><\/p>\n<p><\/p>\n<p class=\"MsoNormal\"><span>Until February 28<\/span><\/p>\n<p><\/p>\n<p class=\"MsoNormal\"><span>The exhibition \u201creveals the collision between tradition and modernity, between local and global, the fusion of seemingly irreconcilable values, so relevant to our hybrid present.\u201d More details <\/span><span class=\"MsoHyperlink\"><span><a href=\"https:\/\/mnar.ro\/descopera\/expozitii-temporare\/411-%E2%80%9Ecovoare-zbur%C4%83toare-%E2%80%93-thomas-ruff-transilvania-anatolia%E2%80%9D\/7829-%E2%80%9Ecovoare-zbur%C4%83toare-%E2%80%93-thomas-ruff-transilvania-anatolia%E2%80%9D-curator-erwin-kessler%20%20\">here<\/a><\/span><\/span><span>.<\/span><\/p>\n<p><\/p>\n<p class=\"MsoNormal\"><span>J\u00f3zsef Klein and the Baia Mare Art School<\/span><\/p>\n<p><\/p>\n<p class=\"MsoNormal\"><span>Until February 28<\/span><\/p>\n<p><\/p>\n<p class=\"MsoNormal\"><span>The exhibition includes a wide selection of paintings, drawings, sculptures and documents, mostly from the painter&#8217;s studio and from the Baia Mare County Museum of Art, the National Museum of Art of Romania, the Satu Mare County Museum, the Art Museum in Cluj, the Center for Culture, Art and Leisure in T\u00e2rgu-Mure\u0219, but also from private collections in Budapest and Paris. More <\/span><span class=\"MsoHyperlink\"><span><a href=\"https:\/\/mnar.ro\/descopera\/expozitii-temporare\/412-expozi%C8%9Bia-%E2%80%9Ej%C3%B3zsef-klein-%C8%99i-%C8%99coala-de-la-baia-mare%E2%80%9D\/7830-expozi%C8%9Bia-%E2%80%9Ej%C3%B3zsef-klein-%C8%99i-%C8%99coala-de-la-baia-mare%E2%80%9D\">here<\/a><\/span><\/span><span>.<\/span><\/p>\n<p><\/p>\n<p class=\"MsoNormal\"><span>Memories and Prophecies<\/span><\/p>\n<p><\/p>\n<p class=\"MsoNormal\"><span>November 21 \u2013 January 31<\/span><\/p>\n<p><\/p>\n<p class=\"MsoNormal\"><span>This group exhibition gathers works by six artists represented by Gaep, namely R\u0103zvan Anton, Th\u00e9o Massoulier, Tania Mouraud, Damir O\u010dko, C\u0103t\u0103lin P\u00eeslaru, and Mihai Pl\u0103tic\u0103, alongside two invited artists \u2013 Roberta Curc\u0103 and Vlad Nanc\u0103. More details <\/span><span class=\"MsoHyperlink\"><span><a href=\"https:\/\/www.facebook.com\/events\/857927333624499\/?post_id=867761632641069&amp;acontext=%7B%22event_action_history%22%3A%5B%7B%22surface%22%3A%22search%22%7D%2C%7B%22mechanism%22%3A%22footer_attachment%22%2C%22surface%22%3A%22newsfeed%22%7D%5D%2C%22ref_notif_type%22%3Anull%7D\">here<\/a><\/span><\/span><span>.<\/span><\/p>\n<p><\/p>\n<p class=\"MsoNormal\"><span>The Art of the Game<\/span><\/p>\n<p><\/p>\n<p class=\"MsoNormal\"><span>Until March 1<\/span><\/p>\n<p><\/p>\n<p class=\"MsoNormal\"><span>The event in dedicated to video games and related arts opens at ARCUB, with a weekend full of events dedicated to both professionals in the video game industry, but also to the general public. More details <\/span><span class=\"MsoHyperlink\"><span><a href=\"https:\/\/arcub.ro\/eveniment\/the-art-of-the-game\">here<\/a><\/span><\/span><span>.<\/span><\/p>\n<p><\/p>\n<p class=\"MsoNormal\"><span>St Andrew Fair<\/span><\/p>\n<p><\/p>\n<p class=\"MsoNormal\"><span>November 29 &#8211; December 1<\/span><\/p>\n<p><\/p>\n<p class=\"MsoNormal\"><span>The Dimitrie Gusti Village Museum hosts this event celebrating Saint Andrew. Skilled craftsmen will display their products on the alleys in front of the households that are part of the museum for anyone to purchase. On December 1, after the National Day parade, the Military Tradition Association will present at the museum the military uniforms of the year 1918. More details <\/span><span class=\"MsoHyperlink\"><span><a href=\"https:\/\/muzeul-satului.ro\/events\/targ-de-sfantul-andrei-2\/?occurrence=2025-11-29\">here<\/a><\/span><\/span><span>.<\/span><\/p>\n<p><\/p>\n<p class=\"MsoNormal\"><span>In the country:<\/span><\/p>\n<p><\/p>\n<p class=\"MsoNormal\"><span>Decentralized Games<\/span><\/p>\n<p><\/p>\n<p class=\"MsoNormal\"><span>Until December 6<\/span><\/p>\n<p><\/p>\n<p class=\"MsoNormal\"><span>The exhibition brings into dialogue two emblematic artists who defined the visual modernity of 1960s Timi\u0219oara: Roman Coto\u0219man and Moln\u00e1r Zolt\u00e1n. More <\/span><span class=\"MsoHyperlink\"><span><a href=\"https:\/\/jeczagallery.com\/exhibitions\/53-decentralized-games-roman-cotosman-molnar-zoltan\/\">here<\/a><\/span><\/span><span>.<\/span><\/p>\n<p><\/p>\n<p class=\"MsoNormal\"><span>Sibiu Christmas Market<\/span><\/p>\n<p><\/p>\n<p class=\"MsoNormal\"><span>November 14 \u2013 January 4<\/span><\/p>\n<p><\/p>\n<p class=\"MsoNormal\"><span>The event turns Sibiu\u2019s Grand Square into a fairytale setting, with dozens of beautifully decorated stalls where visitors can find gifts and traditional culinary delights.<\/span><\/p>\n<p><\/p>\n<p class=\"MsoNormal\"><span>Craiova Christmas Market<\/span><\/p>\n<p><\/p>\n<p class=\"MsoNormal\"><span>November 14 \u2013 January 4<\/span><\/p>\n<p><\/p>\n<p class=\"MsoNormal\"><span>Several squares in the city will host events of the market, which takes place under the theme of the Nutcracker. The concerts are held in Fra\u021bii Buze\u0219ti Square, on Fridays and Saturdays. <\/span><\/p>\n<p><\/p>\n<p class=\"MsoNormal\"><span>Cluj Christmas Market \u2013 Planet Christmas<\/span><\/p>\n<p><\/p>\n<p class=\"MsoNormal\"><span>November 21 \u2013 January 1<\/span><\/p>\n<p><\/p>\n<p class=\"MsoNormal\"><span>The event is held in the city\u2019s Unirii Square, promising surprises for both children and adults, concerts and other shows.<\/span><\/p>\n<p><\/p>\n<p class=\"MsoNormal\"><span>Oradea Christmas Market<\/span><\/p>\n<p><\/p>\n<p class=\"MsoNormal\"><span>November 28 \u2013 December 26<\/span><\/p>\n<p><\/p>\n<p class=\"MsoNormal\"><span>Oradea residents can head to the city&#8217;s Unirii Square and Ferdinand Square for carols, traditional winter treats, festive concerts, and meetings with Santa Claus. <\/span><\/p>\n<p><\/p>\n<p class=\"MsoNormal\"><span>Bra\u0219ov Christmas Market<\/span><\/p>\n<p><\/p>\n<p class=\"MsoNormal\"><span>November 30 \u2013 January 11<\/span><\/p>\n<p><\/p>\n<p class=\"MsoNormal\"><span>Focused on community, tradition, and authenticity, the event takes place in three areas of the city, namely the Council Square, Saint John Square, and the Rectorate area. <\/span><\/p>\n<p><\/p>\n<p class=\"MsoNormal\"><span>Ia\u0219i Christmas Market<\/span><\/p>\n<p><\/p>\n<p class=\"MsoNormal\"><span>November 30 \u2013 January 5<\/span><\/p>\n<p><\/p>\n<p class=\"MsoNormal\"><span>Several spots alongside the Bd. \u0218tefan cel Mare \u2013 Pia\u021ba Unirii \u2013 Str. The L\u0103pu\u0219neanu axis will host events and offer the city&#8217;s residents the opportunity to purchase decorations, gifts, hot drinks, and traditional dishes. <\/span><\/p>\n<p><\/p>\n<p class=\"MsoNormal\"><span>Timi\u0219oara Christmas Market<\/span><\/p>\n<p><\/p>\n<p class=\"MsoNormal\"><span>November 30 \u2013 January 7<\/span><\/p>\n<p><\/p>\n<p class=\"MsoNormal\"><span>The city\u2019s Victoriei Square and Sf Gheorghe Square will be the place to experience the magic of the winter holidays, while the little train will return to the city streets for those who want to enjoy a festive ride and sing along to lots of carols.<\/span><\/p>\n<p class=\"MsoNormal\"><span><\/span><\/p>\n<p>(Photo:\u00a0<\/p>\n<p><a href=\"https:\/\/www.dreamstime.com\/photostock2015_info\">Calinescu Silviu<\/a>\u00a0|\u00a0<a href=\"https:\/\/www.dreamstime.com\/\">Dreamstime.com<\/a>)<\/p>\n<p class=\"MsoNormal\"><em>editor@romania-insider.com<\/em><\/p>","protected":false},"excerpt":{"rendered":"<p>Romania celebrates its National Day this long weekend, when December 1 is a public holiday, as is St Andrew\u2019s Day. At the same time, several Christmas markets are opening in Bucharest, Bra\u0219ov, and Timi\u0219oara. In Bucharest: National Day Parade December 1 More than 2,900 troops, military equipment and 45 aircraft will be part of the [&hellip;]<\/p>\n","protected":false},"author":0,"featured_media":0,"comment_status":"open","ping_status":"closed","sticky":false,"template":"","format":"standard","meta":{"footnotes":""},"categories":[1],"tags":[],"class_list":["post-7902","post","type-post","status-publish","format-standard","hentry","category-uncategorized"],"_links":{"self":[{"href":"https:\/\/ofero.news\/index.php?rest_route=\/wp\/v2\/posts\/7902","targetHints":{"allow":["GET"]}}],"collection":[{"href":"https:\/\/ofero.news\/index.php?rest_route=\/wp\/v2\/posts"}],"about":[{"href":"https:\/\/ofero.news\/index.php?rest_route=\/wp\/v2\/types\/post"}],"replies":[{"embeddable":true,"href":"https:\/\/ofero.news\/index.php?rest_route=%2Fwp%2Fv2%2Fcomments&post=7902"}],"version-history":[{"count":0,"href":"https:\/\/ofero.news\/index.php?rest_route=\/wp\/v2\/posts\/7902\/revisions"}],"wp:attachment":[{"href":"https:\/\/ofero.news\/index.php?rest_route=%2Fwp%2Fv2%2Fmedia&parent=7902"}],"wp:term":[{"taxonomy":"category","embeddable":true,"href":"https:\/\/ofero.news\/index.php?rest_route=%2Fwp%2Fv2%2Fcategories&post=7902"},{"taxonomy":"post_tag","embeddable":true,"href":"https:\/\/ofero.news\/index.php?rest_route=%2Fwp%2Fv2%2Ftags&post=7902"}],"curies":[{"name":"wp","href":"https:\/\/api.w.org\/{rel}","templated":true}]}}