{"id":7822,"date":"2025-11-21T08:01:46","date_gmt":"2025-11-21T08:01:46","guid":{"rendered":"https:\/\/ofero.news\/?p=7822"},"modified":"2025-11-21T08:01:46","modified_gmt":"2025-11-21T08:01:46","slug":"world-cup-2026-a-statistical-look-at-turkey-romanias-opponent-in-the-play-off-semi-final","status":"publish","type":"post","link":"https:\/\/ofero.news\/?p=7822","title":{"rendered":"World Cup 2026: A statistical look at Turkey, Romania\u2019s opponent in the play-off semi-final"},"content":{"rendered":"<p><a href=\"https:\/\/www.romania-insider.com\/romania-turkey-world-cup-play-offs-2026\" target=\"_blank\">Romania will travel to Turkey on March 26 <\/a>for the semi-final of the 2026 World Cup play-offs, a match set against a backdrop of numbers that highlight both history and familiarity between the two sides. According to the <a href=\"https:\/\/www.frf.ro\/recomandate\/nationala-turciei-in-5-cifre-inedite-radiografia-adversarului-romaniei-din-semifinala-barajului-cm-2026\/\" target=\"_blank\">Romanian Football Federation<\/a> (FRF), the statistical record between the teams is substantial.<\/p>\n<p>Romania reached the World Cup play-offs through the 2024\/25 Nations League and was drawn from Pot 4 to face Turkey, with a potential final away to Slovakia or Kosovo.<\/p>\n<p>Romania has played 26 matches against Turkey all-time, making it the sixth-most frequent opponent in its football history. So far, the Tricolori have scored 49 goals, with an impressive average of nearly two per match, compared with Turkey\u2019s 24.\u00a0<\/p>\n<p>The rivalry dates back more than a century, as FRF said. Turkey\u2019s first-ever international match, played in October 1923 in Istanbul, was a 2\u20132 draw against Romania, who were making only their sixth appearance as a national team.<\/p>\n<p>Coaching figures also add numerical significance to the encounter. During his time as Turkey\u2019s national team coach in 2017\u20132018, Romania\u2019s current manager, Mircea Lucescu, fielded no fewer than 49 Turkish internationals, many of whom remain part of the squad Romania will face in the play-off. Centre-back Caglar S\u00f6y\u00fcnc\u00fc, still an important figure for Turkey today, was the only player to appear in all 17 matches under Lucescu, while star midfielder Hakan \u00c7alhano\u011flu featured in 12.<\/p>\n<p>Plus, according to the stats shared by the FRF, this will be only the second meeting between Lucescu and Turkey coach Vincenzo Montella; the previous one came in 2011, when Lucescu\u2019s Shakhtar Donetsk defeated Montella\u2019s AS Roma 3\u20130 in the Champions League.<\/p>\n<p>At club level, the statistical links continue. Six Turkish internationals called up in the past year share dressing rooms with Romanian players or coaches. \u00c7alhano\u011flu works under Cristian Chivu at Inter Milan, while midfielder Isak Vural plays alongside Marius Marin at Pisa.<\/p>\n<p>Moreover, defenders \u015eahin and Akaydin feature for Rizespor, the club of Valentin Mih\u0103il\u0103. At Alanyaspor, goalkeeper Bayram is a teammate of Ianis Hagi, and Ey\u00fcpspor goalkeeper Jankat plays for the same club as Denis Dr\u0103gu\u0219.<\/p>\n<p>newsroom@romania-insider.com<\/p>\n<p>(Photo source: Frf.ro)<\/p>","protected":false},"excerpt":{"rendered":"<p>Romania will travel to Turkey on March 26 for the semi-final of the 2026 World Cup play-offs, a match set against a backdrop of numbers that highlight both history and familiarity between the two sides. According to the Romanian Football Federation (FRF), the statistical record between the teams is substantial. Romania reached the World Cup [&hellip;]<\/p>\n","protected":false},"author":0,"featured_media":0,"comment_status":"open","ping_status":"closed","sticky":false,"template":"","format":"standard","meta":{"footnotes":""},"categories":[1],"tags":[],"class_list":["post-7822","post","type-post","status-publish","format-standard","hentry","category-uncategorized"],"_links":{"self":[{"href":"https:\/\/ofero.news\/index.php?rest_route=\/wp\/v2\/posts\/7822","targetHints":{"allow":["GET"]}}],"collection":[{"href":"https:\/\/ofero.news\/index.php?rest_route=\/wp\/v2\/posts"}],"about":[{"href":"https:\/\/ofero.news\/index.php?rest_route=\/wp\/v2\/types\/post"}],"replies":[{"embeddable":true,"href":"https:\/\/ofero.news\/index.php?rest_route=%2Fwp%2Fv2%2Fcomments&post=7822"}],"version-history":[{"count":0,"href":"https:\/\/ofero.news\/index.php?rest_route=\/wp\/v2\/posts\/7822\/revisions"}],"wp:attachment":[{"href":"https:\/\/ofero.news\/index.php?rest_route=%2Fwp%2Fv2%2Fmedia&parent=7822"}],"wp:term":[{"taxonomy":"category","embeddable":true,"href":"https:\/\/ofero.news\/index.php?rest_route=%2Fwp%2Fv2%2Fcategories&post=7822"},{"taxonomy":"post_tag","embeddable":true,"href":"https:\/\/ofero.news\/index.php?rest_route=%2Fwp%2Fv2%2Ftags&post=7822"}],"curies":[{"name":"wp","href":"https:\/\/api.w.org\/{rel}","templated":true}]}}