{"id":7811,"date":"2025-11-20T14:01:55","date_gmt":"2025-11-20T14:01:55","guid":{"rendered":"https:\/\/ofero.news\/?p=7811"},"modified":"2025-11-20T14:01:55","modified_gmt":"2025-11-20T14:01:55","slug":"un-week-end-a-lest-paris-festival-spotlights-bucharest-romanian-culture","status":"publish","type":"post","link":"https:\/\/ofero.news\/?p=7811","title":{"rendered":"Un Week-end \u00e0 l&#8217;Est: Paris festival spotlights Bucharest, Romanian culture"},"content":{"rendered":"<p>The Romanian capital will be in the spotlight at the festival <em>Un Week-end \u00e0 l&#8217;Est<\/em>, which runs in Paris until December 1.<\/p>\n<p>The event, which aims to present the artistic, literary, and intellectual richness of an Eastern European city, has previously focused on Warsaw, Odessa, Kyiv, Sofia, or Budapest. At its ninth edition, it is the turn of Bucharest, while Romanian culture will be presented at numerous events in the 6th arrondissement.<\/p>\n<p>The festival will bring together 80 Romanian personalities from various cultural fields. Among them are writer Mircea C\u0103rt\u0103rescu, playwright Mat\u00e9i Visniec, writer Gabriela Adame\u0219teanu, filmmakers Corneliu Porumboiu, Alexander Nanau, and Bogdan Mure\u0219anu, director Alexandra Badea, the alternative rock band Subcarpa\u021bi, and the traditional music group Taraf de Caliu.<\/p>\n<p>Palme d&#8217;Or-winning director Cristian Mungiu is a special guest of the festival, and several of his films will be screened at event.<\/p>\n<p>The program also includes a performance by choreographer Simona Deaconescu that questions social constructions, and exhibitions by Dan Perjovschi, Ion Grigorescu, and others.<\/p>\n<p>More on the program <a href=\"https:\/\/weekendalest.com\/-Programme-?lang=en\" target=\"_blank\">here<\/a>.<\/p>\n<p><em>(Photo:<\/em>\u00a0<em>Un Week-end \u00e0 l&#8217;Est Facebook Page)<\/em><\/p>\n<p><em>simona@romania-insider.com<\/em><\/p>","protected":false},"excerpt":{"rendered":"<p>The Romanian capital will be in the spotlight at the festival Un Week-end \u00e0 l&#8217;Est, which runs in Paris until December 1. The event, which aims to present the artistic, literary, and intellectual richness of an Eastern European city, has previously focused on Warsaw, Odessa, Kyiv, Sofia, or Budapest. At its ninth edition, it is [&hellip;]<\/p>\n","protected":false},"author":0,"featured_media":0,"comment_status":"open","ping_status":"closed","sticky":false,"template":"","format":"standard","meta":{"footnotes":""},"categories":[1],"tags":[],"class_list":["post-7811","post","type-post","status-publish","format-standard","hentry","category-uncategorized"],"_links":{"self":[{"href":"https:\/\/ofero.news\/index.php?rest_route=\/wp\/v2\/posts\/7811","targetHints":{"allow":["GET"]}}],"collection":[{"href":"https:\/\/ofero.news\/index.php?rest_route=\/wp\/v2\/posts"}],"about":[{"href":"https:\/\/ofero.news\/index.php?rest_route=\/wp\/v2\/types\/post"}],"replies":[{"embeddable":true,"href":"https:\/\/ofero.news\/index.php?rest_route=%2Fwp%2Fv2%2Fcomments&post=7811"}],"version-history":[{"count":0,"href":"https:\/\/ofero.news\/index.php?rest_route=\/wp\/v2\/posts\/7811\/revisions"}],"wp:attachment":[{"href":"https:\/\/ofero.news\/index.php?rest_route=%2Fwp%2Fv2%2Fmedia&parent=7811"}],"wp:term":[{"taxonomy":"category","embeddable":true,"href":"https:\/\/ofero.news\/index.php?rest_route=%2Fwp%2Fv2%2Fcategories&post=7811"},{"taxonomy":"post_tag","embeddable":true,"href":"https:\/\/ofero.news\/index.php?rest_route=%2Fwp%2Fv2%2Ftags&post=7811"}],"curies":[{"name":"wp","href":"https:\/\/api.w.org\/{rel}","templated":true}]}}