{"id":7809,"date":"2025-11-20T13:00:40","date_gmt":"2025-11-20T13:00:40","guid":{"rendered":"https:\/\/ofero.news\/?p=7809"},"modified":"2025-11-20T13:00:40","modified_gmt":"2025-11-20T13:00:40","slug":"weekend-calendar-gingerbread-fair-romania-exhibition-in-bucharest-cluj-christmas-market-concerts-and-more","status":"publish","type":"post","link":"https:\/\/ofero.news\/?p=7809","title":{"rendered":"Weekend calendar:  Gingerbread fair, RomanIa exhibition in Bucharest, Cluj Christmas market, concerts and more"},"content":{"rendered":"<h4 class=\"MsoNormal\"><span>An exhibition showcasing various depictions of the traditional Romanian blouse ia, including Henri Matisse\u2019s iconic La Blouse Roumaine, is opening this weekend in Bucharest, while Cluj is entering festive mode with the opening of one of its Christmas markets. \n<p><\/p><\/span><\/h4>\n<p class=\"MsoNormal\"><span>In Bucharest: <\/span><\/p>\n<p><\/p>\n<p class=\"MsoNormal\">Gingerbread Fair<\/p>\n<p class=\"MsoNormal\">November 22 \u2013 November 23<\/p>\n<p class=\"MsoNormal\"><span>The garden of the Grigore Antipa Natural History Museum host this event where visitors can discover all sorts of gingerbread, cakes, handmade gifts and seasonal delights. More <a href=\"https:\/\/www.facebook.com\/events\/808515108711522\/?acontext=%7B%22event_action_history%22%3A%5B%7B%22mechanism%22%3A%22discovery_local_tab%22%2C%22surface%22%3A%22bookmark%22%7D%5D%2C%22ref_notif_type%22%3Anull%7D\">here<\/a>.<\/span><\/p>\n<p><\/p>\n<p class=\"MsoNormal\"><span>Art Safari<\/span><\/p>\n<p><\/p>\n<p class=\"MsoNormal\"><span>Until December 14<\/span><\/p>\n<p><\/p>\n<p class=\"MsoNormal\"><span>The event, held at Dacia-Romania Palace, encompasses five exhibitions exploring the work of Theodor Pallady, the story of George Enescu or Japanese design. Further info <\/span><a href=\"https:\/\/www.artsafari.ro\/\"><span>here<\/span><\/a><span>.<\/span><\/p>\n<p><\/p>\n<p class=\"MsoNormal\"><span>Concerts @ George Enescu Philharmonic<\/span><\/p>\n<p><\/p>\n<p class=\"MsoNormal\"><span>November 20, 21<\/span><\/p>\n<p><\/p>\n<p class=\"MsoNormal\"><span>Sasha Yankevych<span> conducts the George Enescu Philharmonic Orchestra for a program of works by <\/span>Puccini,<\/span> <span>Erich Wolfgang Korngold<span>, and <\/span>Verdi<span>. Violinist Blake Pouliot is the soloist. More <\/span><\/span><span><a href=\"https:\/\/filarmonicaenescu.ro\/ro\/eveniment\/concert-vocal-simfonic-7312\">here<\/a><span>.<\/span><\/span><\/p>\n<p><\/p>\n<p class=\"MsoNormal\"><span>RomanIa- Identity Representation of Traditional Dress in Art<\/span><\/p>\n<p><\/p>\n<p class=\"MsoNormal\"><span>November 21 &#8211; February 8<\/span><\/p>\n<p><\/p>\n<p class=\"MsoNormal\"><span>The exhibition, scheduled to open at the National Museum of Art of Romania (MNAR) on November 21, will showcase various depictions of the traditional Romanian blouse ia as captured in painting, sculpture, drawing, photography, installation, film, music, posters, and more. Among the works included in the exhibition are several by Henri Matisse, including the iconic La Blouse Roumaine, part of the permanent collection of the Centre Pompidou in Paris. More <a href=\"https:\/\/www.romania-insider.com\/ia-exhibition-manr-nov-2025\">here<\/a> and <a href=\"https:\/\/mnar.ro\/descopera\/expozitii-temporare\/415-rom%C3%A2nia-reprezentarea-identitar%C4%83-a-portului-popular-%C3%AEn-art%C4%83\/7834-rom%C3%A2nia-reprezentarea-identitar%C4%83-a-portului-popular-%C3%AEn-art%C4%83\">here<\/a>.<\/span><\/p>\n<p><\/p>\n<p class=\"MsoNormal\"><span>Flying Carpets &#8211; Thomas Ruff &amp; Transylvania &amp; Anatolia<\/span><\/p>\n<p><\/p>\n<p class=\"MsoNormal\"><span>Until February 28<\/span><\/p>\n<p><\/p>\n<p class=\"MsoNormal\"><span>The exhibition \u201creveals the collision between tradition and modernity, between local and global, the fusion of seemingly irreconcilable values, so relevant to our hybrid present.\u201d More details <\/span><a href=\"https:\/\/mnar.ro\/descopera\/expozitii-temporare\/411-%E2%80%9Ecovoare-zbur%C4%83toare-%E2%80%93-thomas-ruff-transilvania-anatolia%E2%80%9D\/7829-%E2%80%9Ecovoare-zbur%C4%83toare-%E2%80%93-thomas-ruff-transilvania-anatolia%E2%80%9D-curator-erwin-kessler%20%20\"><span>here<\/span><\/a><span>.<\/span><\/p>\n<p><\/p>\n<p class=\"MsoNormal\"><span>J\u00f3zsef Klein and the Baia Mare Art School<\/span><\/p>\n<p><\/p>\n<p class=\"MsoNormal\"><span>Until February 28<\/span><\/p>\n<p><\/p>\n<p class=\"MsoNormal\"><span>The exhibition includes a wide selection of paintings, drawings, sculptures and documents, mostly from the painter&#8217;s studio and from the Baia Mare County Museum of Art, the National Museum of Art of Romania, the Satu Mare County Museum, the Art Museum in Cluj, the Center for Culture, Art and Leisure in T\u00e2rgu-Mure\u0219, but also from private collections in Budapest and Paris. More <\/span><a href=\"https:\/\/mnar.ro\/descopera\/expozitii-temporare\/412-expozi%C8%9Bia-%E2%80%9Ej%C3%B3zsef-klein-%C8%99i-%C8%99coala-de-la-baia-mare%E2%80%9D\/7830-expozi%C8%9Bia-%E2%80%9Ej%C3%B3zsef-klein-%C8%99i-%C8%99coala-de-la-baia-mare%E2%80%9D\"><span>here<\/span><\/a><span>.<\/span><\/p>\n<p><\/p>\n<p class=\"MsoNormal\"><span>Memories and Prophecies <\/span><\/p>\n<p><\/p>\n<p class=\"MsoNormal\"><span>November 21 \u2013 January 31<\/span><\/p>\n<p><\/p>\n<p class=\"MsoNormal\"><span>This group exhibition gathers works by six artists represented by Gaep, namely R\u0103zvan Anton, Th\u00e9o Massoulier, Tania Mouraud, Damir O\u010dko, C\u0103t\u0103lin P\u00eeslaru, and Mihai Pl\u0103tic\u0103, alongside two invited artists \u2013 Roberta Curc\u0103 and Vlad Nanc\u0103. More details <a href=\"https:\/\/www.facebook.com\/events\/857927333624499\/?post_id=867761632641069&amp;acontext=%7B%22event_action_history%22%3A%5B%7B%22surface%22%3A%22search%22%7D%2C%7B%22mechanism%22%3A%22footer_attachment%22%2C%22surface%22%3A%22newsfeed%22%7D%5D%2C%22ref_notif_type%22%3Anull%7D\">here<\/a>.<\/span><\/p>\n<p><\/p>\n<p class=\"MsoNormal\"><span>The Art of the Game<\/span><\/p>\n<p><\/p>\n<p class=\"MsoNormal\"><span>Until March 1<\/span><\/p>\n<p><\/p>\n<p class=\"MsoNormal\"><span>The event in dedicated to video games and related arts opens at ARCUB, with a weekend full of events dedicated to both professionals in the video game industry, but also to the general public. More details <\/span><a href=\"https:\/\/arcub.ro\/eveniment\/the-art-of-the-game\"><span>here<\/span><\/a><span>.<\/span><\/p>\n<p><\/p>\n<p class=\"MsoNormal\"><span>In the country:<\/span><\/p>\n<p><\/p>\n<p class=\"MsoNormal\"><span>Decentralized Games<\/span><\/p>\n<p><\/p>\n<p class=\"MsoNormal\"><span>Until December 6<\/span><\/p>\n<p><\/p>\n<p class=\"MsoNormal\"><span>The exhibition brings into dialogue two emblematic artists who defined the visual modernity of 1960s Timi\u0219oara: Roman Coto\u0219man and Moln\u00e1r Zolt\u00e1n. More <\/span><a href=\"https:\/\/jeczagallery.com\/exhibitions\/53-decentralized-games-roman-cotosman-molnar-zoltan\/\"><span>here<\/span><\/a><span>.<\/span><\/p>\n<p><\/p>\n<p class=\"MsoNormal\"><span>Sibiu Christmas Market<\/span><span><\/span><\/p>\n<p><\/p>\n<p class=\"MsoNormal\"><span>Until January 4<\/span><\/p>\n<p><\/p>\n<p class=\"MsoNormal\"><span>The event turns Sibiu\u2019s Grand Square into a fairytale setting, with dozens of beautifully decorated stalls where visitors can find gifts and traditional culinary delights.<\/span><\/p>\n<p><\/p>\n<p class=\"MsoNormal\"><span>Craiova Christmas Market<\/span><span><\/span><\/p>\n<p><\/p>\n<p class=\"MsoNormal\"><span>Until January 4<\/span><\/p>\n<p><\/p>\n<p class=\"MsoNormal\"><span>Several squares in the city will host events of the market, which takes place under the theme of the Nutcracker. The concerts are held in Fra\u021bii Buze\u0219ti Square, on Fridays and Saturdays.<\/span><\/p>\n<p><\/p>\n<p class=\"MsoNormal\"><span>Cluj Christmas Market \u2013 Planet Christmas <\/span><span><\/span><\/p>\n<p><\/p>\n<p class=\"MsoNormal\"><span>November 21 \u2013 January 1<\/span><span><\/span><\/p>\n<p><\/p>\n<p class=\"MsoNormal\"><span>The event is held in the city\u2019s <\/span><span>Unirii Square, promising surprises for both children and adults, concerts and other shows.<\/span><span><\/span><\/p>\n<p><\/p>\n<p class=\"MsoNormal\"><em><span><\/span><\/em><\/p>\n<p><em>(Photo:\u00a0<\/em><\/p>\n<p><a href=\"https:\/\/www.dreamstime.com\/emicristea_info\">Emicristea<\/a>\u00a0|\u00a0<a href=\"https:\/\/www.dreamstime.com\/\">Dreamstime.com<\/a>)<span><\/span><\/p>\n<p><\/p>\n<p class=\"MsoNormal\"><em><\/em><em><span>editor@romania-insider.com<\/span><\/em><\/p>","protected":false},"excerpt":{"rendered":"<p>An exhibition showcasing various depictions of the traditional Romanian blouse ia, including Henri Matisse\u2019s iconic La Blouse Roumaine, is opening this weekend in Bucharest, while Cluj is entering festive mode with the opening of one of its Christmas markets. In Bucharest: Gingerbread Fair November 22 \u2013 November 23 The garden of the Grigore Antipa Natural [&hellip;]<\/p>\n","protected":false},"author":0,"featured_media":0,"comment_status":"open","ping_status":"closed","sticky":false,"template":"","format":"standard","meta":{"footnotes":""},"categories":[1],"tags":[],"class_list":["post-7809","post","type-post","status-publish","format-standard","hentry","category-uncategorized"],"_links":{"self":[{"href":"https:\/\/ofero.news\/index.php?rest_route=\/wp\/v2\/posts\/7809","targetHints":{"allow":["GET"]}}],"collection":[{"href":"https:\/\/ofero.news\/index.php?rest_route=\/wp\/v2\/posts"}],"about":[{"href":"https:\/\/ofero.news\/index.php?rest_route=\/wp\/v2\/types\/post"}],"replies":[{"embeddable":true,"href":"https:\/\/ofero.news\/index.php?rest_route=%2Fwp%2Fv2%2Fcomments&post=7809"}],"version-history":[{"count":0,"href":"https:\/\/ofero.news\/index.php?rest_route=\/wp\/v2\/posts\/7809\/revisions"}],"wp:attachment":[{"href":"https:\/\/ofero.news\/index.php?rest_route=%2Fwp%2Fv2%2Fmedia&parent=7809"}],"wp:term":[{"taxonomy":"category","embeddable":true,"href":"https:\/\/ofero.news\/index.php?rest_route=%2Fwp%2Fv2%2Fcategories&post=7809"},{"taxonomy":"post_tag","embeddable":true,"href":"https:\/\/ofero.news\/index.php?rest_route=%2Fwp%2Fv2%2Ftags&post=7809"}],"curies":[{"name":"wp","href":"https:\/\/api.w.org\/{rel}","templated":true}]}}