{"id":7785,"date":"2025-11-19T13:00:25","date_gmt":"2025-11-19T13:00:25","guid":{"rendered":"https:\/\/ofero.news\/?p=7785"},"modified":"2025-11-19T13:00:25","modified_gmt":"2025-11-19T13:00:25","slug":"romanian-feature-film-catane-to-premiere-at-the-international-film-festival-of-india","status":"publish","type":"post","link":"https:\/\/ofero.news\/?p=7785","title":{"rendered":"Romanian feature film \u201cCatane\u201d to premiere at the International Film Festival of India"},"content":{"rendered":"<p>The Romanian film \u201cCatane,\u201d signed by Ioana Mischie, will have its world premiere at the International Film Festival of India, held annually in Goa. This year&#8217;s edition is scheduled between November 20 and 28.<\/p>\n<p>The Romanian-Italian comedy stars Costel Ca\u015fcaval, Iulia Lum\u00e2n\u0103re, and Cristian Bota.\u00a0The first screening of the film is scheduled for November 24.\u00a0<\/p>\n<p>The action of the film takes place in an eponymous village, where all inhabitants have obtained, through ambiguous means, disability-related social benefits. The entire community faces an immense challenge when an official investigation is launched. They join forces, managing to create a disarmingly humorous response to the absurdities of a flawed system.\u00a0<\/p>\n<p>The film will have its world premiere at the International Film Festival of India (or IFFI, which is one of the oldest and most important film festivals in Asia. It\u00a0has been selected in the \u201cCinema of the World\u201d section, dedicated to \u201cexceptional cinema from around the world, meticulously curated for passionate cinephiles,\u201d according to the organizers.<\/p>\n<p>The screening at the festival will be carried out with the support of the Romanian Cultural Institute.\u00a0<\/p>\n<p>Described as \u201ca delight for the audience,\u201d \u201ca thought-provoking rollercoaster\u201d (Film New Europe), \u201cpoetic, humorous and satirical\u201d (Cineuropa), \u201ca dramatic comedy, capturing a plot twist with dark humor\u201d (Variety), the film promises a captivating cinematic experience in which suspense and comedy subtly intertwine.\u00a0<\/p>\n<p>\u201cWe are honored by the festival selection at IFFI Goa, because it reaffirms the fact that a local story can have a universal impact. For us, this recognition transforms cinema into a cultural, spiritual, and creative bond,\u201d said Ioana Mischie.<\/p>\n<p>The film is among the first \u201cgreen films\u201d in Romania, made following sustainable practices proposed by Eurimages, with reusable materials and local methods, reducing the carbon footprint and preserving artistic quality. Filming took place in the heart of the Apuseni Mountains, combining stylized techniques and improvisation.<\/p>\n<p>The film will enter Romanian cinemas on January 26, distributed by Forum Film. The release will be preceded by special pre-premieres scheduled for December.<\/p>\n<p><em><a href=\"mailto:radu@romania-insider.com\">radu@romania-insider.com<\/a><\/em><\/p>\n<p><em>(Photo source: press release)<\/em><\/p>","protected":false},"excerpt":{"rendered":"<p>The Romanian film \u201cCatane,\u201d signed by Ioana Mischie, will have its world premiere at the International Film Festival of India, held annually in Goa. This year&#8217;s edition is scheduled between November 20 and 28. The Romanian-Italian comedy stars Costel Ca\u015fcaval, Iulia Lum\u00e2n\u0103re, and Cristian Bota.\u00a0The first screening of the film is scheduled for November 24.\u00a0 [&hellip;]<\/p>\n","protected":false},"author":0,"featured_media":0,"comment_status":"open","ping_status":"closed","sticky":false,"template":"","format":"standard","meta":{"footnotes":""},"categories":[1],"tags":[],"class_list":["post-7785","post","type-post","status-publish","format-standard","hentry","category-uncategorized"],"_links":{"self":[{"href":"https:\/\/ofero.news\/index.php?rest_route=\/wp\/v2\/posts\/7785","targetHints":{"allow":["GET"]}}],"collection":[{"href":"https:\/\/ofero.news\/index.php?rest_route=\/wp\/v2\/posts"}],"about":[{"href":"https:\/\/ofero.news\/index.php?rest_route=\/wp\/v2\/types\/post"}],"replies":[{"embeddable":true,"href":"https:\/\/ofero.news\/index.php?rest_route=%2Fwp%2Fv2%2Fcomments&post=7785"}],"version-history":[{"count":0,"href":"https:\/\/ofero.news\/index.php?rest_route=\/wp\/v2\/posts\/7785\/revisions"}],"wp:attachment":[{"href":"https:\/\/ofero.news\/index.php?rest_route=%2Fwp%2Fv2%2Fmedia&parent=7785"}],"wp:term":[{"taxonomy":"category","embeddable":true,"href":"https:\/\/ofero.news\/index.php?rest_route=%2Fwp%2Fv2%2Fcategories&post=7785"},{"taxonomy":"post_tag","embeddable":true,"href":"https:\/\/ofero.news\/index.php?rest_route=%2Fwp%2Fv2%2Ftags&post=7785"}],"curies":[{"name":"wp","href":"https:\/\/api.w.org\/{rel}","templated":true}]}}