{"id":7748,"date":"2025-11-18T07:00:27","date_gmt":"2025-11-18T07:00:27","guid":{"rendered":"https:\/\/ofero.news\/?p=7748"},"modified":"2025-11-18T07:00:27","modified_gmt":"2025-11-18T07:00:27","slug":"17-candidates-cleared-for-bucharest-mayoral-race","status":"publish","type":"post","link":"https:\/\/ofero.news\/?p=7748","title":{"rendered":"17 candidates cleared for Bucharest mayoral race"},"content":{"rendered":"<p>The Bucharest Municipal Electoral Office announced late Monday, November 17, that it has validated 17 of the 20 candidacies submitted for the capital\u2019s race for the general mayor seat, including those of the main contenders. Two applications were rejected, and one was postponed for further review, <a href=\"https:\/\/www.news.ro\/politic-intern\/biroul-electoral-municipal-bucuresti-a-admis-17-candidaturi-pentru-primaria-capitalei-doua-dosare-respinse-iar-un-altul-amanat-1922402117402025112122240911\" target=\"_blank\">News.ro<\/a> reported.<\/p>\n<p>The deadline for submitting candidacies for the Bucharest mayoral election was November 17 at midnight.<\/p>\n<p>Among the approved candidates are C\u0103t\u0103lin Drul\u0103 of the Save Romania Union (USR) party, Liberal (PNL) district 6 mayor Ciprian Ciucu, Social Democrat (PSD) district 4 mayor Daniel B\u0103lu\u0163\u0103, and several independent contenders, including George Valentin Burcea, Virgil Alexandru Zidaru, and Eugen Teodorovici.\u00a0<\/p>\n<p>Other validated candidates include Anca Nicoleta Alexandrescu of the \u201cDreptate pentru Bucure\u0219ti\u201d alliance, Ioan Mihai Lasca of the PPR, Ana-Maria Ciceal\u0103 of SENS, and representatives from smaller parties such as PSDU, Rom\u00e2nia \u00een Ac\u021biune, PNT-MM, and PRM.<\/p>\n<p>The office rejected the candidacies of independent applicants Dumitric\u0103 Stan and ASR Marcu Maria, while the file submitted by independent Dan Cristian Popescu was postponed.\u00a0<\/p>\n<p>Challenges to the candidacies may be filed until November 19 and will be resolved by November 20, according to <a href=\"https:\/\/romania.europalibera.org\/a\/alegeri-primaria-capitalei-candidati\/33593936.html\" target=\"_blank\">Europa Liber\u0103 Rom\u00e2nia<\/a>. Candidacies become final on November 23, with the two-week campaign period set to begin on November 22.<\/p>\n<p>More than 1.8 million residents are expected to vote on December 7 to elect a general mayor who will serve the remainder of the mandate until the next local elections in 2028.<\/p>\n<p>The position became vacant after former mayor Nicu\u0219or Dan was elected president of Romania in May. Deputy mayor Stelian Bujduveanu of the National Liberal Party currently holds the interim responsibilities.<\/p>\n<p>irina.marica@romania-insider.com<\/p>\n<p>(Photo source: Inquam Photos\/Alberto Grosescu)<\/p>","protected":false},"excerpt":{"rendered":"<p>The Bucharest Municipal Electoral Office announced late Monday, November 17, that it has validated 17 of the 20 candidacies submitted for the capital\u2019s race for the general mayor seat, including those of the main contenders. Two applications were rejected, and one was postponed for further review, News.ro reported. The deadline for submitting candidacies for the [&hellip;]<\/p>\n","protected":false},"author":0,"featured_media":0,"comment_status":"open","ping_status":"closed","sticky":false,"template":"","format":"standard","meta":{"footnotes":""},"categories":[1],"tags":[],"class_list":["post-7748","post","type-post","status-publish","format-standard","hentry","category-uncategorized"],"_links":{"self":[{"href":"https:\/\/ofero.news\/index.php?rest_route=\/wp\/v2\/posts\/7748","targetHints":{"allow":["GET"]}}],"collection":[{"href":"https:\/\/ofero.news\/index.php?rest_route=\/wp\/v2\/posts"}],"about":[{"href":"https:\/\/ofero.news\/index.php?rest_route=\/wp\/v2\/types\/post"}],"replies":[{"embeddable":true,"href":"https:\/\/ofero.news\/index.php?rest_route=%2Fwp%2Fv2%2Fcomments&post=7748"}],"version-history":[{"count":0,"href":"https:\/\/ofero.news\/index.php?rest_route=\/wp\/v2\/posts\/7748\/revisions"}],"wp:attachment":[{"href":"https:\/\/ofero.news\/index.php?rest_route=%2Fwp%2Fv2%2Fmedia&parent=7748"}],"wp:term":[{"taxonomy":"category","embeddable":true,"href":"https:\/\/ofero.news\/index.php?rest_route=%2Fwp%2Fv2%2Fcategories&post=7748"},{"taxonomy":"post_tag","embeddable":true,"href":"https:\/\/ofero.news\/index.php?rest_route=%2Fwp%2Fv2%2Ftags&post=7748"}],"curies":[{"name":"wp","href":"https:\/\/api.w.org\/{rel}","templated":true}]}}