{"id":7724,"date":"2025-11-14T15:00:24","date_gmt":"2025-11-14T15:00:24","guid":{"rendered":"https:\/\/ofero.news\/?p=7724"},"modified":"2025-11-14T15:00:24","modified_gmt":"2025-11-14T15:00:24","slug":"veranda-mall-celebrates-9-years-of-growth-and-community-with-a-vibrant-winter-season-new-shopping-options-and-a-packed-events-program-to-bring-the-locals-together","status":"publish","type":"post","link":"https:\/\/ofero.news\/?p=7724","title":{"rendered":"Veranda Mall celebrates 9 years of growth and community with a vibrant winter season: new shopping options and a packed events program to bring the locals together"},"content":{"rendered":"<p><a><\/a>Nine years after opening its doors, <a href=\"https:\/\/verandamall.ro\/\">Veranda Mall<\/a> enters its most exciting chapter yet. What began as a project to breathe new life into the Obor neighborhood has evolved into one of Bucharest\u2019s most beloved destinations for shopping, leisure, and connection. As it marks this anniversary, Veranda unveils a winter events lineup rich in culture, generosity, and celebration, proof that the mall\u2019s story is as much about people as it is about retail.<\/p>\n<p><em>\u201cFor us, the anniversary is not just a milestone, it\u2019s a reminder that our mission has always been to grow with the community,\u201d<\/em> says <strong>Andreea Manole, Marketing Manager, Veranda Mall<\/strong>. <em>\u201cWe\u2019ve seen Obor transform in remarkable ways over the past decade, and we\u2019re proud to have played a part in that transformation.\u201d<\/em><\/p>\n<h3><a><\/a>A new chapter of growth and reinvention<\/h3>\n<p>Since opening in 2016, Veranda Mall has remained deeply connected to the Obor neighborhood, growing in step with the community it helped revitalize. Nearly a decade later, the shopping center continues to evolve, adapting to the city\u2019s changing rhythms and residents&#8217; everyday needs.<\/p>\n<p>This year marks a new phase of development, featuring a mix of local and international brands that add both convenience and diversity to Veranda\u2019s offering, making every visit smoother and more enjoyable. Recent openings include Wendy\u2019s, marking an important milestone in the American brand\u2019s Romanian expansion; BioBlu; Tucano Coffee; Original Barber Shop; Parisielle; Cato; and Saniour, a Lebanese restaurant that adds a new culinary note to the food court. E-Sushi has also recently opened, enriching the mall\u2019s dining scene with a Japanese touch.<\/p>\n<p>Animax has also expanded its store, and together with the newly opened Fressnapf, Europe\u2019s leading pet retailer, reinforces Veranda\u2019s position as a pet-friendly destination that welcomes all members of the family &#8211; including the four-legged ones.<\/p>\n<p>Looking ahead, Millomania, a new Tabac Xpress store, and the Compas Bookstore will further expand the experience, ensuring that each visit feels fresh and full of discovery.<\/p>\n<p><em>\u201cWe\u2019re constantly curating experiences that make people want to stay longer, whether that means a new dining concept, a creative workshop, or a family event,\u201d<\/em> adds <strong>Andreea Manole<\/strong>. <em>\u201cShopping should feel effortless, but the experience should always surprise.\u201d<\/em><\/p>\n<h3><a><\/a>A season of shopping and celebration<\/h3>\n<p>As the holiday season begins, Veranda Mall becomes a go-to destination for winter shopping, offering gifts, fashion, home d\u00e9cor, and festive treats. The winter shopping season kicked off with <a href=\"https:\/\/verandamall.ro\/black-friday\/\">Black Friday<\/a>, marking the official start of the holiday rush. Shoppers found offers of up to 70% at select stores, with many tenants extending promotions through the end of November.<\/p>\n<p>But the excitement doesn\u2019t stop there. Special prices and limited-edition collections continue throughout December, giving visitors plenty of reasons to return, whether they\u2019re still searching for the perfect Christmas gift or simply looking to enjoy the festive atmosphere.<\/p>\n\n<h3><a><\/a>November highlights: media, women, and creativity<\/h3>\n<p><a href=\"https:\/\/verandamall.ro\/evenimente-veranda-mall\/\">Veranda Mall\u2019s winter calendar<\/a> begins with a strong cultural and community focus. On November 20, Veranda Mall will host Gala Radar de Media at Cinemax Veranda, one of the most anticipated events in Romania\u2019s media landscape, bringing together public figures, artists, leading television networks, publishers, top brands, and business leaders.<\/p>\n<p>The same spirit of creativity continues with the Toy &amp; Model Fair on November 22-23 and Veranda Women Hub on November 25. The Women Hub has become one of the mall\u2019s standout initiatives, a space for female entrepreneurs and professionals to exchange ideas, build networks, and find inspiration.<\/p>\n<p><em>\u201cOur goal has always been to create a space where people connect &#8211; not just with brands, but with ideas and one another,\u201d<\/em>\u00a0says <strong>Andreea Manole<\/strong>. <em>\u201cThis winter, that sense of belonging is what we\u2019re celebrating.\u201d<\/em><\/p>\n<h3><a><\/a>A festive season with heart<\/h3>\n<p>As December arrives, Veranda Mall will once again turn into a winter wonderland, designed by and for the community. This year, part of the holiday decorations come from ten schools and kindergartens in Bucharest\u2019s Sector 2, each creating handcrafted ornaments that will brighten the mall all month long.<\/p>\n<p>The holiday program begins on November 30 with the Winter Parade, featuring Santa Claus, elves, and favorite holiday characters, plus creative ornament workshops and a playful balloon-filled Globe Booth. The same day also marks the opening of Veranda\u2019s outdoor ice rink, a seasonal favorite that brings winter fun for families and friends.<\/p>\n\n<p>Throughout December, Veranda Mall will host a series of beloved community traditions: Tombola de Cr\u0103ciun (1-24 December) and Marea Ghet\u0103real\u0103 on 5-6 December, where children leave their shoes overnight for St. Nicholas to fill with gifts.<\/p>\n<p>One of Veranda Mall\u2019s most heartwarming traditions is the Angel Tree, organized together with Armata Salv\u0103rii Rom\u00e2nia. Visitors can help fulfill the Christmas wishes of children from disadvantaged backgrounds, turning generosity into a shared act of kindness.<\/p>\n<p>Community involvement remains the foundation of Veranda\u2019s spirit. <em>\u201cGiving back is part of who we are,\u201d<\/em> explains the marketing manager. <em>\u201cWhether it\u2019s partnering with schools to create art, supporting local charities, or hosting cultural events, we see Veranda as a space where doing good feels natural, especially during the holiday season.\u201d<\/em><\/p>\n<p>The season also includes \u201cOrdinul Cadoului Fermecat\u201d initiative by Cerceta\u0219ii Rom\u00e2niei, where volunteers wrap gifts in exchange for charitable donations (December 4-5 and 20-23), turning generosity into a shared holiday ritual.<\/p>\n<p>And the Santa Claus Los Bomboneros concert on 21 December &#8211; a musical celebration featuring eight instrumental Santas who will fill the mall with festive energy.<\/p>\n<h3><a><\/a>Nine years of connection and purpose<\/h3>\n<p>For Veranda Mall, the nine-year mark is more than just growth. They represent a journey built on trust, imagination, and a commitment to community. From its roots in the heart of Obor to its current role as a destination for modern urban life, Veranda continues to blend retail, entertainment, and social impact in a way that feels distinctly human.<\/p>\n<p>This winter, as the lights go up and the season begins, Veranda invites everyone &#8211; families, friends, and even their pets to celebrate what it has always stood for: shopping that feels effortless, experiences that inspire, and a community that grows together.<\/p>\n<p><em>*This is partner content.<\/em><\/p>","protected":false},"excerpt":{"rendered":"<p>Nine years after opening its doors, Veranda Mall enters its most exciting chapter yet. What began as a project to breathe new life into the Obor neighborhood has evolved into one of Bucharest\u2019s most beloved destinations for shopping, leisure, and connection. As it marks this anniversary, Veranda unveils a winter events lineup rich in culture, [&hellip;]<\/p>\n","protected":false},"author":0,"featured_media":0,"comment_status":"open","ping_status":"closed","sticky":false,"template":"","format":"standard","meta":{"footnotes":""},"categories":[1],"tags":[],"class_list":["post-7724","post","type-post","status-publish","format-standard","hentry","category-uncategorized"],"_links":{"self":[{"href":"https:\/\/ofero.news\/index.php?rest_route=\/wp\/v2\/posts\/7724","targetHints":{"allow":["GET"]}}],"collection":[{"href":"https:\/\/ofero.news\/index.php?rest_route=\/wp\/v2\/posts"}],"about":[{"href":"https:\/\/ofero.news\/index.php?rest_route=\/wp\/v2\/types\/post"}],"replies":[{"embeddable":true,"href":"https:\/\/ofero.news\/index.php?rest_route=%2Fwp%2Fv2%2Fcomments&post=7724"}],"version-history":[{"count":0,"href":"https:\/\/ofero.news\/index.php?rest_route=\/wp\/v2\/posts\/7724\/revisions"}],"wp:attachment":[{"href":"https:\/\/ofero.news\/index.php?rest_route=%2Fwp%2Fv2%2Fmedia&parent=7724"}],"wp:term":[{"taxonomy":"category","embeddable":true,"href":"https:\/\/ofero.news\/index.php?rest_route=%2Fwp%2Fv2%2Fcategories&post=7724"},{"taxonomy":"post_tag","embeddable":true,"href":"https:\/\/ofero.news\/index.php?rest_route=%2Fwp%2Fv2%2Ftags&post=7724"}],"curies":[{"name":"wp","href":"https:\/\/api.w.org\/{rel}","templated":true}]}}