{"id":7617,"date":"2025-11-10T07:01:06","date_gmt":"2025-11-10T07:01:06","guid":{"rendered":"https:\/\/ofero.news\/?p=7617"},"modified":"2025-11-10T07:01:06","modified_gmt":"2025-11-10T07:01:06","slug":"remains-of-last-ruler-of-moldavia-brought-back-to-romania","status":"publish","type":"post","link":"https:\/\/ofero.news\/?p=7617","title":{"rendered":"Remains of last ruler of Moldavia brought back to Romania"},"content":{"rendered":"<p>The remains of Grigore Alexandru Ghica, a prince of Moldavia in the second half of the 19th century, have been brought back to Romania from France\u2019s Le M\u00e9e-sur-Seine this past weekend.<\/p>\n<p>After lying in state at Cotroceni Palace, the headquarters of the Romanian Presidency, the coffin with his remains will travel to Foc\u015fani and Ia\u015fi, the northeastern Romania city where he will be reinterred.<\/p>\n<p>Grigore Alexandru Ghica was a prince of Moldavia, a province that later became part of greater Romania, between October 1849 and June 1853, and again between October 1854 and June 1856.<\/p>\n<p>Historians describe him as a visionary leader who contributed to the establishment or modernization of local institutions. During his reign, reforms such as the emancipation of the Roma and the reduction of commercial taxes were introduced. His name is linked to the establishment of the Romanian Gendarmerie, following the French model, and to the first public maternity hospital in the country, Institutul Gregorian, which he personally funded.<\/p>\n<p class=\"MsoNormal\"><span>The construction of modern Romania started before January 1859, president Nicu\u0219or Dan noted in a speech on November 9. 1859 is the year when the principalities of Moldavia and \u021aara Rom\u00e2neasc\u0103 (Wallachia) were united under the rule of Alexandru Ioan Cuza, an essential step towards the Great Union of 1918. \u201cThe Union of 1859 did not simply happen, it was not a gift handed to Romania. Certain statesmen worked for it and prince Ghica is one of them,\u201d the president said. <\/span><span><\/span><\/p>\n<p><\/p>\n<p>\u201cGrigore Alexandru Ghyka put common good above personal interest, promoting modern governing and social equity principles [\u2026] By repatriating his remains, the Romanian state undertakes a gesture of moral restitution and appreciation for a unique personality,\u201d the Presidency said.<\/p>\n<p>On Monday, November 10, the coffin with his remains will be brought to Foc\u015fani, at Muzeul Vrancei, where it will remain until November 12, when it will travel to Ia\u015fi. Military and religious ceremonies are scheduled in Foc\u015fani on November 10 in his honor.<\/p>\n\n<p><em>(Photo: Presidency.ro)<\/em><\/p>\n<p><em>simona@romania-insider.com<\/em><\/p>","protected":false},"excerpt":{"rendered":"<p>The remains of Grigore Alexandru Ghica, a prince of Moldavia in the second half of the 19th century, have been brought back to Romania from France\u2019s Le M\u00e9e-sur-Seine this past weekend. After lying in state at Cotroceni Palace, the headquarters of the Romanian Presidency, the coffin with his remains will travel to Foc\u015fani and Ia\u015fi, [&hellip;]<\/p>\n","protected":false},"author":0,"featured_media":0,"comment_status":"open","ping_status":"closed","sticky":false,"template":"","format":"standard","meta":{"footnotes":""},"categories":[1],"tags":[],"class_list":["post-7617","post","type-post","status-publish","format-standard","hentry","category-uncategorized"],"_links":{"self":[{"href":"https:\/\/ofero.news\/index.php?rest_route=\/wp\/v2\/posts\/7617","targetHints":{"allow":["GET"]}}],"collection":[{"href":"https:\/\/ofero.news\/index.php?rest_route=\/wp\/v2\/posts"}],"about":[{"href":"https:\/\/ofero.news\/index.php?rest_route=\/wp\/v2\/types\/post"}],"replies":[{"embeddable":true,"href":"https:\/\/ofero.news\/index.php?rest_route=%2Fwp%2Fv2%2Fcomments&post=7617"}],"version-history":[{"count":0,"href":"https:\/\/ofero.news\/index.php?rest_route=\/wp\/v2\/posts\/7617\/revisions"}],"wp:attachment":[{"href":"https:\/\/ofero.news\/index.php?rest_route=%2Fwp%2Fv2%2Fmedia&parent=7617"}],"wp:term":[{"taxonomy":"category","embeddable":true,"href":"https:\/\/ofero.news\/index.php?rest_route=%2Fwp%2Fv2%2Fcategories&post=7617"},{"taxonomy":"post_tag","embeddable":true,"href":"https:\/\/ofero.news\/index.php?rest_route=%2Fwp%2Fv2%2Ftags&post=7617"}],"curies":[{"name":"wp","href":"https:\/\/api.w.org\/{rel}","templated":true}]}}