{"id":7465,"date":"2025-10-29T12:03:29","date_gmt":"2025-10-29T12:03:29","guid":{"rendered":"https:\/\/ofero.news\/?p=7465"},"modified":"2025-10-29T12:03:29","modified_gmt":"2025-10-29T12:03:29","slug":"a-season-of-distinction-and-celebration-iconic-hotel-wins-three-prestigious-awards-this-autumn","status":"publish","type":"post","link":"https:\/\/ofero.news\/?p=7465","title":{"rendered":"A Season of Distinction and Celebration: Iconic Hotel Wins Three Prestigious Awards This Autumn"},"content":{"rendered":"<h3>This autumn has marked an extraordinary chapter for InterContinental Ath\u00e9n\u00e9e Palace Hotel, as the iconic Bucharest landmark has been recognized with three major international distinctions that reaffirm its position among Europe\u2019s most refined destinations.<\/h3>\n<p>At the <strong>World Travel Awards 2025<\/strong>, InterContinental Ath\u00e9n\u00e9e Palace proudly received the title of <strong>\u201cRomania\u2019s Leading Hotel\u201d<\/strong>, a recognition that celebrates its commitment to excellence, impeccable service, and timeless elegance. Adding to this honour, the hotel has been awarded a <strong>Michelin Key<\/strong>, one of the most coveted symbols of hospitality distinction, spotlighting hotels that offer a unique sense of place, exceptional comfort, and a memorable guest experience. The accolades were completed by a win at the <strong>LUXE Global Awards<\/strong>, further underscoring the property\u2019s reputation for world-class luxury and hospitality.<\/p>\n<p><em>\u201cThese recognitions are a testament to the dedication of our team and the loyalty of our guests,\u201d<\/em> said <strong>Emmy Stoel, General Manager of InterContinental Ath\u00e9n\u00e9e Palace<\/strong>. <em>\u201cAs we enter the festive season, we are inspired to celebrate these achievements with a rich calendar of experiences designed to bring people together in style.\u201d<\/em><\/p>\n<h3>A Festive Season of Elegance and Joy<\/h3>\n<p>Building on this momentum, InterContinental Ath\u00e9n\u00e9e Palace unveils its <a href=\"https:\/\/atheneepalace.intercontinental.com\/festive-season\/\">Festive Season Calendar<\/a>, a series of events and curated moments capturing the spirit of celebration. Guests can look forward to:<\/p>\n<p>\t<strong>The Christmas Tree Lighting Ceremony<\/strong>, a sparkling evening that officially opens the holiday season, accompanied by carols, dance and winter delicacies.<br \/>\n\t<strong>Festive Afternoon Teas <\/strong>at Caf\u00e9 Ath\u00e9n\u00e9e and <strong>Seasonal Signature Menus <\/strong>at JORJ Restaurant, where the culinary team reinterprets traditional flavours with refined creativity.<br \/>\n\t<strong>New Year\u2019s Eve Gala Dinners<\/strong>, two elegant soir\u00e9es combining live music, gourmet cuisine and live entertainment to welcome 2026 in style.<\/p>\n<p>Throughout December, the hotel transforms into an Enchanted Forest, inviting international guests and locals alike to share in its atmosphere of warmth, refinement, and festive charm.<\/p>\n<p>Full details can be found here: <a href=\"https:\/\/atheneepalace.intercontinental.com\/festive-season\/\">Festive Season 2025 \u2013 InterContinental Athenee Palace<\/a><\/p>\n<p><em>*This is partner content.<\/em><\/p>","protected":false},"excerpt":{"rendered":"<p>This autumn has marked an extraordinary chapter for InterContinental Ath\u00e9n\u00e9e Palace Hotel, as the iconic Bucharest landmark has been recognized with three major international distinctions that reaffirm its position among Europe\u2019s most refined destinations. At the World Travel Awards 2025, InterContinental Ath\u00e9n\u00e9e Palace proudly received the title of \u201cRomania\u2019s Leading Hotel\u201d, a recognition that celebrates [&hellip;]<\/p>\n","protected":false},"author":0,"featured_media":0,"comment_status":"open","ping_status":"closed","sticky":false,"template":"","format":"standard","meta":{"footnotes":""},"categories":[1],"tags":[],"class_list":["post-7465","post","type-post","status-publish","format-standard","hentry","category-uncategorized"],"_links":{"self":[{"href":"https:\/\/ofero.news\/index.php?rest_route=\/wp\/v2\/posts\/7465","targetHints":{"allow":["GET"]}}],"collection":[{"href":"https:\/\/ofero.news\/index.php?rest_route=\/wp\/v2\/posts"}],"about":[{"href":"https:\/\/ofero.news\/index.php?rest_route=\/wp\/v2\/types\/post"}],"replies":[{"embeddable":true,"href":"https:\/\/ofero.news\/index.php?rest_route=%2Fwp%2Fv2%2Fcomments&post=7465"}],"version-history":[{"count":0,"href":"https:\/\/ofero.news\/index.php?rest_route=\/wp\/v2\/posts\/7465\/revisions"}],"wp:attachment":[{"href":"https:\/\/ofero.news\/index.php?rest_route=%2Fwp%2Fv2%2Fmedia&parent=7465"}],"wp:term":[{"taxonomy":"category","embeddable":true,"href":"https:\/\/ofero.news\/index.php?rest_route=%2Fwp%2Fv2%2Fcategories&post=7465"},{"taxonomy":"post_tag","embeddable":true,"href":"https:\/\/ofero.news\/index.php?rest_route=%2Fwp%2Fv2%2Ftags&post=7465"}],"curies":[{"name":"wp","href":"https:\/\/api.w.org\/{rel}","templated":true}]}}