{"id":7462,"date":"2025-10-29T12:03:29","date_gmt":"2025-10-29T12:03:29","guid":{"rendered":"https:\/\/ofero.news\/?p=7462"},"modified":"2025-10-29T12:03:29","modified_gmt":"2025-10-29T12:03:29","slug":"ora-jazz-festival-returns-to-oradea-for-its-6th-edition-this-november","status":"publish","type":"post","link":"https:\/\/ofero.news\/?p=7462","title":{"rendered":"ORA Jazz Festival returns to Oradea for its 6th edition this November"},"content":{"rendered":"<p>The sound of jazz will once again fill Oradea this November as the ORA Jazz Festival returns for its sixth edition, bringing together artists from across Europe and beyond. The festival will take place between November 14 and 16 at the Oradea State Philharmonic and the Sion Neolog Synagogue.<\/p>\n<p>This year\u2019s edition features performers from Cuba, Italy, Norway, Denmark, Germany, Austria, and Poland.\u00a0<\/p>\n<p>The piano will take center stage throughout the festival, with performances by S\u00f8ren Bebe, Omar Sosa, and Sebastian Studnitzky, alongside renowned artists such as Paolo Fresu, Karl Bjor\u00e5, David Bergm\u00fcller, and Unleashed Cooperation.<\/p>\n<p>The opening night on November 14 at the State Philharmonic will feature Unleashed Cooperation from Poland, followed by the S\u00f8ren Bebe Trio from Scandinavia. On November 15, audiences can enjoy Karl Bjor\u00e5\u2019s international ensemble and the duo performance Paolo Fresu &amp; Omar Sosa \u2013 FOOD.\u00a0<\/p>\n<p>The final night, held at the historic Sion Neolog Synagogue, will include David Bergm\u00fcller\u2019s \u201cRediscovering the Lute\u201d and a solo recital by Sebastian Studnitzky.<\/p>\n<p>Further details are available <a href=\"https:\/\/orajazzfestival.ro\/en\/\" target=\"_blank\">here<\/a>.<\/p>\n<p>irina.marica@romania-insider.com<\/p>\n<p>(Photo source: the organizers)<\/p>","protected":false},"excerpt":{"rendered":"<p>The sound of jazz will once again fill Oradea this November as the ORA Jazz Festival returns for its sixth edition, bringing together artists from across Europe and beyond. The festival will take place between November 14 and 16 at the Oradea State Philharmonic and the Sion Neolog Synagogue. This year\u2019s edition features performers from [&hellip;]<\/p>\n","protected":false},"author":0,"featured_media":0,"comment_status":"open","ping_status":"closed","sticky":false,"template":"","format":"standard","meta":{"footnotes":""},"categories":[1],"tags":[],"class_list":["post-7462","post","type-post","status-publish","format-standard","hentry","category-uncategorized"],"_links":{"self":[{"href":"https:\/\/ofero.news\/index.php?rest_route=\/wp\/v2\/posts\/7462","targetHints":{"allow":["GET"]}}],"collection":[{"href":"https:\/\/ofero.news\/index.php?rest_route=\/wp\/v2\/posts"}],"about":[{"href":"https:\/\/ofero.news\/index.php?rest_route=\/wp\/v2\/types\/post"}],"replies":[{"embeddable":true,"href":"https:\/\/ofero.news\/index.php?rest_route=%2Fwp%2Fv2%2Fcomments&post=7462"}],"version-history":[{"count":0,"href":"https:\/\/ofero.news\/index.php?rest_route=\/wp\/v2\/posts\/7462\/revisions"}],"wp:attachment":[{"href":"https:\/\/ofero.news\/index.php?rest_route=%2Fwp%2Fv2%2Fmedia&parent=7462"}],"wp:term":[{"taxonomy":"category","embeddable":true,"href":"https:\/\/ofero.news\/index.php?rest_route=%2Fwp%2Fv2%2Fcategories&post=7462"},{"taxonomy":"post_tag","embeddable":true,"href":"https:\/\/ofero.news\/index.php?rest_route=%2Fwp%2Fv2%2Ftags&post=7462"}],"curies":[{"name":"wp","href":"https:\/\/api.w.org\/{rel}","templated":true}]}}