{"id":6921,"date":"2025-09-25T05:00:48","date_gmt":"2025-09-25T05:00:48","guid":{"rendered":"https:\/\/ofero.news\/?p=6921"},"modified":"2025-09-25T05:00:48","modified_gmt":"2025-09-25T05:00:48","slug":"weekend-calendar-street-delivery-bucharest-international-experimental-film-festival-tiff-oradea-nod-international-literary-rights-festival-in-brasov-and-more","status":"publish","type":"post","link":"https:\/\/ofero.news\/?p=6921","title":{"rendered":"Weekend calendar: Street Delivery, Bucharest International Experimental Film Festival, TIFF Oradea, NOD International Literary Rights Festival in Bra\u015fov, and more"},"content":{"rendered":"<h4 class=\"MsoNormal\"><span>The event that introduced the idea of giving the public space back to the city residents returns with an anniversary edition, while experimental film is under the spotlight at a dedicated festival in Bucharest.\n<p><\/p><\/span><\/h4>\n<p class=\"MsoNormal\"><span>In Bucharest: <\/span><\/p>\n<p><\/p>\n<p class=\"MsoNormal\"><span>Street Delivery<\/span><\/p>\n<p><\/p>\n<p class=\"MsoNormal\"><span>September 26 \u2013 September 28<\/span><\/p>\n<p><\/p>\n<p class=\"MsoNormal\"><span>The event, held on Arthur Verona Street, turns 20 this year with an edition that examines the many issues and questions that arise around public space in the city. More details on the program <\/span><a href=\"https:\/\/www.streetdelivery.ro\/\"><span>here<\/span><\/a><span>.<\/span><\/p>\n<p><\/p>\n<p class=\"MsoNormal\"><span>Bucharest International Experimental Film Festival<\/span><\/p>\n<p><\/p>\n<p class=\"MsoNormal\"><span>September 22 \u2013 September 28<\/span><\/p>\n<p><\/p>\n<p class=\"MsoNormal\"><span>The event dedicated to experimental films and visual arts promotes innovative films and filmmakers. More on this year\u2019s selection and competitions <\/span><a href=\"https:\/\/bieff.ro\/\"><span>here<\/span><\/a><span>.<\/span><\/p>\n<p><\/p>\n<p class=\"MsoNormal\"><span>Strada de C\u2019Arte<\/span><\/p>\n<p><\/p>\n<p class=\"MsoNormal\"><span>September 25 \u2013 Septmeber 28<\/span><\/p>\n<p><\/p>\n<p class=\"MsoNormal\"><span>Concerts, book launches, exhibitions and debates held at the Central University Library in Bucharest. More on the event <\/span><a href=\"https:\/\/stradadecarte.ro\/\"><span>here<\/span><\/a><span>.<\/span><\/p>\n<p><\/p>\n<p class=\"MsoNormal\"><span>Undercloud<\/span><\/p>\n<p><\/p>\n<p class=\"MsoNormal\"><span>Until October 5<\/span><\/p>\n<p><\/p>\n<p class=\"MsoNormal\"><span>The independent theater festival<\/span> <span>returns with a program also covering contemporary art exhibitions, poetry sessions and contemporary dance. More details <\/span><a href=\"https:\/\/www.undercloudfest.ro\/\"><span>here<\/span><\/a><span>.<\/span><\/p>\n<p><\/p>\n<p class=\"MsoNormal\"><span>Art Safari<\/span><\/p>\n<p><\/p>\n<p class=\"MsoNormal\"><span>Until December 14<\/span><\/p>\n<p><\/p>\n<p class=\"MsoNormal\"><span>The event, held at Dacia-Romania Palace, encompasses five exhibitions exploring the work of Theodor Pallady, the story of George Enescu or Japanese design. Further info <\/span><a href=\"https:\/\/www.artsafari.ro\/\"><span>here<\/span><\/a><span>.<\/span><\/p>\n<p><\/p>\n<p class=\"MsoNormal\"><span>Marilena Preda S\u00e2nc: Bodyscape 1982\u20131988<\/span><\/p>\n<p><\/p>\n<p class=\"MsoNormal\"><span>Until October 25<\/span><\/p>\n<p><\/p>\n<p class=\"MsoNormal\"><span>The show, focused on works the artist created in the 1980s, covers a large number of collages, photographs with interventions, and drawings that have never been shown before. More details <\/span><a href=\"https:\/\/www.facebook.com\/events\/2568511976854633\"><span>here<\/span><\/a><span>.<\/span><\/p>\n<p><\/p>\n<p class=\"MsoNormal\"><span>Flying Carpets &#8211; Thomas Ruff &amp; Transylvania &amp; Anatolia<\/span><\/p>\n<p><\/p>\n<p class=\"MsoNormal\"><span>Until February 28<\/span><\/p>\n<p><\/p>\n<p class=\"MsoNormal\"><span>The exhibition \u201creveals the collision between tradition and modernity, between local and global, the fusion of seemingly irreconcilable values, so relevant to our hybrid present.\u201d More details <\/span><a href=\"https:\/\/mnar.ro\/descopera\/expozitii-temporare\/411-%E2%80%9Ecovoare-zbur%C4%83toare-%E2%80%93-thomas-ruff-transilvania-anatolia%E2%80%9D\/7829-%E2%80%9Ecovoare-zbur%C4%83toare-%E2%80%93-thomas-ruff-transilvania-anatolia%E2%80%9D-curator-erwin-kessler%20%20\"><span>here<\/span><\/a><span>.<\/span><\/p>\n<p><\/p>\n<p class=\"MsoNormal\"><span>J\u00f3zsef Klein and the Baia Mare Art School<\/span><\/p>\n<p><\/p>\n<p class=\"MsoNormal\"><span>Until February 28<\/span><\/p>\n<p><\/p>\n<p class=\"MsoNormal\"><span>The exhibition includes a wide selection of paintings, drawings, sculptures and documents, mostly from the painter&#8217;s studio and from the Baia Mare County Museum of Art, the National Museum of Art of Romania, the Satu Mare County Museum, the Art Museum in Cluj, the Center for Culture, Art and Leisure in T\u00e2rgu-Mure\u0219, but also from private collections in Budapest and Paris. More <\/span><a href=\"https:\/\/mnar.ro\/descopera\/expozitii-temporare\/412-expozi%C8%9Bia-%E2%80%9Ej%C3%B3zsef-klein-%C8%99i-%C8%99coala-de-la-baia-mare%E2%80%9D\/7830-expozi%C8%9Bia-%E2%80%9Ej%C3%B3zsef-klein-%C8%99i-%C8%99coala-de-la-baia-mare%E2%80%9D\"><span>here<\/span><\/a><span>.<\/span><\/p>\n<p><\/p>\n<p class=\"MsoNormal\"><span>Open Streets<\/span><span><\/span><\/p>\n<p><\/p>\n<p class=\"MsoNormal\"><span>Until October 12<\/span><\/p>\n<p><\/p>\n<p class=\"MsoNormal\"><span>The program that turns the city&#8217;s main arteries into pedestrian areas returns with a program of live concerts, street performances, dance evenings, parades, children&#8217;s workshops and creative activities, guided tours, and areas for exercise and sports. More\u00a0<\/span><a href=\"https:\/\/arcub.ro\/strazi-deschise-bucuresti-promenada-urbana-5\/\" target=\"_blank\"><span>here<\/span><\/a><span>.<\/span><\/p>\n<p><\/p>\n<p class=\"MsoNormal\"><span>Open Doors @Cotroceni Palace<\/span><\/p>\n<p><\/p>\n<p class=\"MsoNormal\"><span>Weekends<\/span><\/p>\n<p><\/p>\n<p class=\"MsoNormal\"><span>The program that sees the garden of the Cotroceni Palace, the seat of the Presidential Administration, continues in a renewed format. More details\u00a0<\/span><a href=\"https:\/\/www.facebook.com\/AdministratiaPrezidentialaRO\"><span>here<\/span><\/a><span>. <\/span><\/p>\n<p><\/p>\n<p class=\"MsoNormal\"><span>Film Garden <\/span><\/p>\n<p><\/p>\n<p class=\"MsoNormal\"><span>Until September 28<\/span><\/p>\n<p><\/p>\n<p class=\"MsoNormal\"><span>The Film Garden (Gr\u0103dina cu Filme), the venue in Bucharest\u2019s Alexandru Lahovari Square that hosts outdoor film screenings, will host a variety of screenings and talks with directors. More <\/span><a href=\"https:\/\/www.romania-insider.com\/film-garden-reopening-may-2025\"><span>here<\/span><\/a><span>.<\/span><\/p>\n<p><\/p>\n<p class=\"MsoNormal\"><span>In the country:<\/span><\/p>\n<p><\/p>\n<p class=\"MsoNormal\"><span>Dan Perjovschi | Romania \u2013 A retrospective 1985-2025<\/span><\/p>\n<p><\/p>\n<p class=\"MsoNormal\"><span>Until October 26<\/span><\/p>\n<p><\/p>\n<p class=\"MsoNormal\"><span>Timi\u0219oara\u2019s Corneliu Miklosi Museum hosts this exhibition gathering drawings, performances, civic actions, protests, publications and installations, to deliver a fresco of Romania of the last 40 years. More details <\/span><a href=\"https:\/\/centruldeproiecte.ro\/proiecte\/dan-perjovschi-romania-o-retrospectiva-1985-2025\/\"><span>here<\/span><\/a><span>.<\/span><\/p>\n<p><\/p>\n<p class=\"MsoNormal\"><span>TIFF Oradea<\/span><\/p>\n<p><\/p>\n<p class=\"MsoNormal\"><span>September 26 \u2013 September 28<\/span><\/p>\n<p><\/p>\n<p class=\"MsoNormal\"><span>A varied selection of local and international productions, meetings with special guests, and workshops for children are part of the program. More <\/span><a href=\"https:\/\/oradea.tiff.ro\/ro\"><span>here<\/span><\/a><span>.<\/span><\/p>\n<p><\/p>\n<p class=\"MsoNormal\"><span>Oktoberfest Bra\u0219ov<\/span><\/p>\n<p><\/p>\n<p class=\"MsoNormal\"><span>Until October 5<\/span><\/p>\n<p><\/p>\n<p class=\"MsoNormal\"><span>Beer, fun and Bavarian traditions. More details <\/span><a href=\"https:\/\/oktoberfest.ro\/\"><span>here<\/span><\/a><span>.<\/span><\/p>\n<p><\/p>\n<p class=\"MsoNormal\"><span>NOD International Literary Rights Festival<\/span><\/p>\n<p><\/p>\n<p class=\"MsoNormal\"><span>September 25 &#8211; September 28<\/span><\/p>\n<p><\/p>\n<p class=\"MsoNormal\"><span>The first edition of the festival will bring to Bra\u0219ov authors such as celebrated Russian writer Mikhail Shishkin, French novelist Mathias \u00c9nard, Swedish author and poet Linda Bostr\u00f6m Knausg\u00e5rd, American author Edward Ashton, and Ukrainian author Andrey Kurkov. More on the program <a href=\"https:\/\/nodfestival.ro\/\">here<\/a>.<\/span><\/p>\n<p class=\"MsoNormal\"><span><\/span><\/p>\n<p>(Photo:\u00a0<\/p>\n<p><a href=\"https:\/\/www.dreamstime.com\/catarii_info\">Catarii<\/a>\u00a0|\u00a0<a href=\"https:\/\/www.dreamstime.com\/\">Dreamstime.com<\/a>)<span><\/span><\/p>\n<p><\/p>\n<p class=\"MsoNormal\"><em><span>editor@romania-insider.com<\/span><\/em><\/p>","protected":false},"excerpt":{"rendered":"<p>The event that introduced the idea of giving the public space back to the city residents returns with an anniversary edition, while experimental film is under the spotlight at a dedicated festival in Bucharest. In Bucharest: Street Delivery September 26 \u2013 September 28 The event, held on Arthur Verona Street, turns 20 this year with [&hellip;]<\/p>\n","protected":false},"author":0,"featured_media":0,"comment_status":"open","ping_status":"closed","sticky":false,"template":"","format":"standard","meta":{"footnotes":""},"categories":[1],"tags":[],"class_list":["post-6921","post","type-post","status-publish","format-standard","hentry","category-uncategorized"],"_links":{"self":[{"href":"https:\/\/ofero.news\/index.php?rest_route=\/wp\/v2\/posts\/6921","targetHints":{"allow":["GET"]}}],"collection":[{"href":"https:\/\/ofero.news\/index.php?rest_route=\/wp\/v2\/posts"}],"about":[{"href":"https:\/\/ofero.news\/index.php?rest_route=\/wp\/v2\/types\/post"}],"replies":[{"embeddable":true,"href":"https:\/\/ofero.news\/index.php?rest_route=%2Fwp%2Fv2%2Fcomments&post=6921"}],"version-history":[{"count":0,"href":"https:\/\/ofero.news\/index.php?rest_route=\/wp\/v2\/posts\/6921\/revisions"}],"wp:attachment":[{"href":"https:\/\/ofero.news\/index.php?rest_route=%2Fwp%2Fv2%2Fmedia&parent=6921"}],"wp:term":[{"taxonomy":"category","embeddable":true,"href":"https:\/\/ofero.news\/index.php?rest_route=%2Fwp%2Fv2%2Fcategories&post=6921"},{"taxonomy":"post_tag","embeddable":true,"href":"https:\/\/ofero.news\/index.php?rest_route=%2Fwp%2Fv2%2Ftags&post=6921"}],"curies":[{"name":"wp","href":"https:\/\/api.w.org\/{rel}","templated":true}]}}