{"id":6920,"date":"2025-09-25T05:00:48","date_gmt":"2025-09-25T05:00:48","guid":{"rendered":"https:\/\/ofero.news\/?p=6920"},"modified":"2025-09-25T05:00:48","modified_gmt":"2025-09-25T05:00:48","slug":"romania-poland-season-photos-by-brancusi-go-on-display-in-krakow-exhibition","status":"publish","type":"post","link":"https:\/\/ofero.news\/?p=6920","title":{"rendered":"Romania-Poland Season: Photos by Br\u00e2ncu\u0219i go on display in Krakow exhibition"},"content":{"rendered":"<p>The exhibition <em>Br\u00e2ncu\u0219i. Sculpting with Ligh<\/em>t, set to open in Krakow this week, will present a selection of original photographs by the Romanian-born artist found in three private collections: David Grob, Bruce Silverstein New York, and Christian Reyntjens.<\/p>\n<p>The exhibition is described as &#8220;an attempt to penetrate the creative process of the Romanian artist, to understand how he perceived the world and matter, how he used light and shadow to give form deeper meanings.&#8221;<\/p>\n<p>It is conceived as an artistic journey adapted to the artist&#8217;s own biography: the origin of the young man, his departure for the capital of arts of the early 20th century, the move to in Paris, where he was in contact with artists such as Man Ray, Edward Steichen or Alfred Stieglitz, and the transformation of his studio into a laboratory of modern art. The exhibition also features images of the Monumental Ensemble of T\u00e2rgu Jiu, which was installed between 1937 and 1938.<\/p>\n<p>The Romanian artist&#8217;s photographic experiments are juxtaposed with the works of contemporary artists from Krakow: Bogus\u0142aw Bachorczyk, Maciek Berna\u015b, Bartek Buczek, Micha\u0142 Sroka, Justyna Stasiowska, and Bogdan Achimescu.<\/p>\n<p>The curatorial concept belongs to Doina Lemny, an expert on Br\u00e2ncu\u0219i&#8217;s art and curator of landmark retrospectives and author of numerous publications about the artist, in collaboration with Karolina W\u00f3jcik, coordinator of the MCK Exhibitions Department and curator of several exhibitions of the Polish institution.<\/p>\n<p>The exhibition is open from September 27 to December 14 at the International Culture Center of\u00a0Krakow.<\/p>\n<p><em>(Illustration: ICR)<\/em><\/p>\n<p><em>simona@romania-insider.com<\/em><\/p>","protected":false},"excerpt":{"rendered":"<p>The exhibition Br\u00e2ncu\u0219i. Sculpting with Light, set to open in Krakow this week, will present a selection of original photographs by the Romanian-born artist found in three private collections: David Grob, Bruce Silverstein New York, and Christian Reyntjens. The exhibition is described as &#8220;an attempt to penetrate the creative process of the Romanian artist, to [&hellip;]<\/p>\n","protected":false},"author":0,"featured_media":0,"comment_status":"open","ping_status":"closed","sticky":false,"template":"","format":"standard","meta":{"footnotes":""},"categories":[1],"tags":[],"class_list":["post-6920","post","type-post","status-publish","format-standard","hentry","category-uncategorized"],"_links":{"self":[{"href":"https:\/\/ofero.news\/index.php?rest_route=\/wp\/v2\/posts\/6920","targetHints":{"allow":["GET"]}}],"collection":[{"href":"https:\/\/ofero.news\/index.php?rest_route=\/wp\/v2\/posts"}],"about":[{"href":"https:\/\/ofero.news\/index.php?rest_route=\/wp\/v2\/types\/post"}],"replies":[{"embeddable":true,"href":"https:\/\/ofero.news\/index.php?rest_route=%2Fwp%2Fv2%2Fcomments&post=6920"}],"version-history":[{"count":0,"href":"https:\/\/ofero.news\/index.php?rest_route=\/wp\/v2\/posts\/6920\/revisions"}],"wp:attachment":[{"href":"https:\/\/ofero.news\/index.php?rest_route=%2Fwp%2Fv2%2Fmedia&parent=6920"}],"wp:term":[{"taxonomy":"category","embeddable":true,"href":"https:\/\/ofero.news\/index.php?rest_route=%2Fwp%2Fv2%2Fcategories&post=6920"},{"taxonomy":"post_tag","embeddable":true,"href":"https:\/\/ofero.news\/index.php?rest_route=%2Fwp%2Fv2%2Ftags&post=6920"}],"curies":[{"name":"wp","href":"https:\/\/api.w.org\/{rel}","templated":true}]}}