{"id":6919,"date":"2025-09-25T05:00:48","date_gmt":"2025-09-25T05:00:48","guid":{"rendered":"https:\/\/ofero.news\/?p=6919"},"modified":"2025-09-25T05:00:48","modified_gmt":"2025-09-25T05:00:48","slug":"french-actress-emmanuelle-beart-guest-of-this-years-les-films-de-cannes-a-bucarest","status":"publish","type":"post","link":"https:\/\/ofero.news\/?p=6919","title":{"rendered":"French actress Emmanuelle B\u00e9art, guest of this year&#8217;s Les Films de Cannes \u00e0 Bucarest"},"content":{"rendered":"<p>French actress Emmanuelle B\u00e9art will be a guest of this year&#8217;s edition of Les Films de Cannes \u00e0 Bucarest, the festival that showcases productions awarded at the Cannes film festival.<\/p>\n<p>The event will run a retrospective consisting of three of her films, namely Jacques Rivette&#8217;s <em>La belle noiseuse<\/em>, Claude Sautet&#8217;s <em>Un coeur en hiver<\/em>, and Ludovic Bergery&#8217;s <em>L&#8217;\u00e9treinte<\/em>.<\/p>\n<p><em>La belle noiseuse<\/em>, starring Michel Piccoli, Jane Birkin, and Emmanuelle B\u00e9art, explores &#8220;the relationship between truth and art, between the artist and the limits of his creativity.&#8221; The film received critical acclaim and won the Grand Jury Prize at the Cannes Film Festival in 1991.<\/p>\n<p><em>Un coeur en hiver<\/em> delves into the passion for music and the complexity of human feelings. B\u00e9art, who took violin lessons for a year for the role, was awarded the Pasinetti Award for her performance at the Venice Film Festival.<\/p>\n<p><em>L&#8217;\u00e9treinte<\/em> is the debut film of director Ludovic Bergery and marked Emmanuelle B\u00e9art&#8217;s return to the big screen after an absence of several years. Her character, Margaux, is a widow in her 50s who is intent on starting a new life, continuing her studies in literature, and searching for love.<\/p>\n<p>Throughout her career, B\u00e9art earned one prize and seven nominations at the C\u00e9sar Awards, among other accolades.<\/p>\n<p>Les Films de Cannes takes place in Bucharest between October 24 and November 2.<\/p>\n<p>In Timi\u0219oara, the public is expected at Cinema Timi\u0219 and Cinema Studio between October 23 and October 26. In Cluj-Napoca, Cinema Victoria and Cinema Arta will host the festival between October 30 and November 2. In Ia\u0219i, Cinema Ateneu will host the event from November 7 to November 9, while in Arad, the films can be viewed from October 29 to October 31 at Cinema Arta.<\/p>\n<p>(Photo:\u00a0<a href=\"https:\/\/www.dreamstime.com\/filmspiegel_info\">Denis Makarenko<\/a>\u00a0|\u00a0<a href=\"https:\/\/www.dreamstime.com\/\">Dreamstime.com<\/a>)<\/p>\n<p><em>simona@romania-insider.com<\/em><\/p>","protected":false},"excerpt":{"rendered":"<p>French actress Emmanuelle B\u00e9art will be a guest of this year&#8217;s edition of Les Films de Cannes \u00e0 Bucarest, the festival that showcases productions awarded at the Cannes film festival. The event will run a retrospective consisting of three of her films, namely Jacques Rivette&#8217;s La belle noiseuse, Claude Sautet&#8217;s Un coeur en hiver, and [&hellip;]<\/p>\n","protected":false},"author":0,"featured_media":0,"comment_status":"open","ping_status":"closed","sticky":false,"template":"","format":"standard","meta":{"footnotes":""},"categories":[1],"tags":[],"class_list":["post-6919","post","type-post","status-publish","format-standard","hentry","category-uncategorized"],"_links":{"self":[{"href":"https:\/\/ofero.news\/index.php?rest_route=\/wp\/v2\/posts\/6919","targetHints":{"allow":["GET"]}}],"collection":[{"href":"https:\/\/ofero.news\/index.php?rest_route=\/wp\/v2\/posts"}],"about":[{"href":"https:\/\/ofero.news\/index.php?rest_route=\/wp\/v2\/types\/post"}],"replies":[{"embeddable":true,"href":"https:\/\/ofero.news\/index.php?rest_route=%2Fwp%2Fv2%2Fcomments&post=6919"}],"version-history":[{"count":0,"href":"https:\/\/ofero.news\/index.php?rest_route=\/wp\/v2\/posts\/6919\/revisions"}],"wp:attachment":[{"href":"https:\/\/ofero.news\/index.php?rest_route=%2Fwp%2Fv2%2Fmedia&parent=6919"}],"wp:term":[{"taxonomy":"category","embeddable":true,"href":"https:\/\/ofero.news\/index.php?rest_route=%2Fwp%2Fv2%2Fcategories&post=6919"},{"taxonomy":"post_tag","embeddable":true,"href":"https:\/\/ofero.news\/index.php?rest_route=%2Fwp%2Fv2%2Ftags&post=6919"}],"curies":[{"name":"wp","href":"https:\/\/api.w.org\/{rel}","templated":true}]}}