{"id":6634,"date":"2025-09-05T06:01:14","date_gmt":"2025-09-05T06:01:14","guid":{"rendered":"https:\/\/ofero.news\/?p=6634"},"modified":"2025-09-05T06:01:14","modified_gmt":"2025-09-05T06:01:14","slug":"civic-platform-calls-on-environment-minister-to-stop-car-traffic-in-bucharests-baneasa-forest","status":"publish","type":"post","link":"https:\/\/ofero.news\/?p=6634","title":{"rendered":"Civic platform calls on environment minister to stop car traffic in Bucharest\u2019s B\u0103neasa Forest"},"content":{"rendered":"<p>The \u00cempreun\u0103 pentru Centura Verde\/Together for the Green Belt civic platform has called on environment minister Diana Buzoianu to immediately halt car traffic in Bucharest\u2019s B\u0103neasa Forest, arguing that the move violates the country\u2019s Forestry Code and threatens the integrity of one of the capital\u2019s last major green areas.<\/p>\n<p>Representatives of the platform, backed by more than 150 NGOs, civic groups, and public figures, said the recent opening of a forest road to cars effectively shifts the costs of developing the nearby Greenfield residential district from the private developer onto Bucharest\u2019s residents. They warned that the decision not only fragments the forest and harms natural habitats but also sets a dangerous precedent that could be replicated across the country.\u00a0<\/p>\n<p>\u201cThe need of Greenfield residents to have proper access to their neighborhood is legitimate, but it must be met by the real estate developer fulfilling its legal obligations to build appropriate access roads to the district, not by violating the provisions of the Forestry Code, which does not allow this road to be opened to car traffic,\u201d the Together for the Green Belt civic platform said in a press release.<\/p>\n<p>Car traffic in B\u01ceneasa Forest &#8211; September 4, 2025<\/p>\n<p>The civic group stressed that B\u0103neasa Forest is a core part of the future Bucharest-Ilfov Green Belt, which was included in Romania\u2019s updated Forestry Code after a two-year civic campaign. The legislation bans commercial logging in the Ilfov section of the forest and will extend similar protections to the Bucharest side by the end of 2026, it noted.<\/p>\n<p>\u201cPreserving the integrity of this forest, emblematic of the history of the capital, should not raise any doubt for any politician, least of all for the minister of the environment, known for her pro-nature work. The law is the law for everyone and, without exception, must be respected and enforced. And the minister, through the powers she holds, can act to make this happen,\u201d said conservationist Alex G\u0103van, founder of the Together for the Green Belt civic platform.<\/p>\n<p>\u201cThis dispute is not about a simple access road, abusively opened, but about the quality of life in the capital and in large urban areas, about our right to health, clean air, and recreation, about a city worth living in,\u201d he added.<\/p>\n<p>Ciprian G\u0103lu\u0219c\u0103, executive cirector of the Green Belt Foundation, added: \u201cB\u0103neasa Forest is a public good and must remain so. Any discussion about conserving Bucharest\u2019s last forest must start with banning car traffic inside the forest. We call on the environment minister not to allow exceptions to the Forestry Code for the private interests of irresponsible real estate developers, to the detriment of the majority of Bucharest residents. B\u0103neasa Forest is the gateway for Bucharest citizens into the Bucharest-Ilfov Green Belt, on foot or by bicycle, and it must remain a natural space free from dust, honking, and exhaust fumes.\u201d<\/p>\n<p>The civic platform further argued that maintaining B\u0103neasa Forest as a car-free zone is central to the broader project of creating urban green belts across Romania, intended to mitigate climate change impacts, reduce pollution, and improve public health. Its representatives urge the environment ministry, forestry authorities, and Romsilva to enforce the law and ensure integrated management of all forests in the capital and the surrounding county.<\/p>\n<p>The Green Belt initiative has already <a href=\"https:\/\/www.romania-insider.com\/green-belts-government-program-romania-july-2025\" target=\"_blank\">secured inclusion in the governing program<\/a> and is being promoted as a long-term national project to provide cleaner air, healthier cities, and greater climate resilience for over 10 million people.<\/p>\n<p>The dispute around opening roads in\u00a0B\u01ceneasa Forest to car traffic began months ago. In late August, over 40 non-governmental organizations and civic groups, together with the Bucharest Environmental Platform, <a href=\"https:\/\/www.romania-insider.com\/ngos-baneasa-forest-roads-cars-warning-august-2025\" target=\"_blank\">issued an\u00a0open letter<\/a>\u00a0urging the Ministry of Environment to immediately block any plans to open forest roads for vehicles.\u00a0<\/p>\n<p>They also argued that such a move would violate the Forestry Code and threaten the ecological integrity of the B\u0103neasa Forest, a key part of the Bucharest-Ilfov Green Belt, and called on the environment minister to initiate procedures to declare the forest a protected natural area.<\/p>\n<p>In reaction, environment minister Diana Buzoianu said on September 1 that she will begin procedures to designate B\u0103neasa Forest as a fully protected natural area, calling it a \u201cnational treasure\u201d that must be preserved for future generations.<\/p>\n<p>\u201cFor years, there have been discussions about protecting B\u0103neasa Forest so we don\u2019t wake up with apartment blocks or other constructions inside it,\u201d Buzoianu said, adding that over 40 civic groups had urged full protection. \u201cYes, B\u0103neasa Forest must be fully designated as a protected natural area.\u201d<\/p>\n<p>She announced the ministry will host a debate with civil society, citizens, and representatives of Bucharest City Hall, District 1, and Ilfov County Council on Friday, September 5, to outline the protection plan.<\/p>\n<p>The Greenfield B\u0103neasa Federation, which represents residents of the northern Bucharest neighborhood, stated in a message sent to <a href=\"https:\/\/buletin.de\/bucuresti\/federatia-greenfield-circulatia-auto-pe-drumul-prin-padurea-baneasa-este-legala-contractul-cu-romsilva-validat-de-tribunalul-bucuresti\/\" target=\"_blank\">Buletin de Bucure\u0219ti<\/a> that its members use the road through B\u0103neasa Forest for car traffic legally, based on a contract with state-owned forest management company Romsilva.<\/p>\n<p>irina.marica@romania-insider.com<\/p>\n<p>(Photo source: Centuraverde.ro)<\/p>","protected":false},"excerpt":{"rendered":"<p>The \u00cempreun\u0103 pentru Centura Verde\/Together for the Green Belt civic platform has called on environment minister Diana Buzoianu to immediately halt car traffic in Bucharest\u2019s B\u0103neasa Forest, arguing that the move violates the country\u2019s Forestry Code and threatens the integrity of one of the capital\u2019s last major green areas. Representatives of the platform, backed by [&hellip;]<\/p>\n","protected":false},"author":0,"featured_media":0,"comment_status":"open","ping_status":"closed","sticky":false,"template":"","format":"standard","meta":{"footnotes":""},"categories":[1],"tags":[],"class_list":["post-6634","post","type-post","status-publish","format-standard","hentry","category-uncategorized"],"_links":{"self":[{"href":"https:\/\/ofero.news\/index.php?rest_route=\/wp\/v2\/posts\/6634","targetHints":{"allow":["GET"]}}],"collection":[{"href":"https:\/\/ofero.news\/index.php?rest_route=\/wp\/v2\/posts"}],"about":[{"href":"https:\/\/ofero.news\/index.php?rest_route=\/wp\/v2\/types\/post"}],"replies":[{"embeddable":true,"href":"https:\/\/ofero.news\/index.php?rest_route=%2Fwp%2Fv2%2Fcomments&post=6634"}],"version-history":[{"count":0,"href":"https:\/\/ofero.news\/index.php?rest_route=\/wp\/v2\/posts\/6634\/revisions"}],"wp:attachment":[{"href":"https:\/\/ofero.news\/index.php?rest_route=%2Fwp%2Fv2%2Fmedia&parent=6634"}],"wp:term":[{"taxonomy":"category","embeddable":true,"href":"https:\/\/ofero.news\/index.php?rest_route=%2Fwp%2Fv2%2Fcategories&post=6634"},{"taxonomy":"post_tag","embeddable":true,"href":"https:\/\/ofero.news\/index.php?rest_route=%2Fwp%2Fv2%2Ftags&post=6634"}],"curies":[{"name":"wp","href":"https:\/\/api.w.org\/{rel}","templated":true}]}}