{"id":6606,"date":"2025-09-03T09:01:02","date_gmt":"2025-09-03T09:01:02","guid":{"rendered":"https:\/\/ofero.news\/?p=6606"},"modified":"2025-09-03T09:01:02","modified_gmt":"2025-09-03T09:01:02","slug":"former-romanian-pms-at-beijing-military-parade-attended-by-putin-kim-jong-un","status":"publish","type":"post","link":"https:\/\/ofero.news\/?p=6606","title":{"rendered":"Former Romanian PMs at Beijing military parade attended by Putin, Kim Jong Un"},"content":{"rendered":"<p>Former Romanian prime ministers Viorica D\u0103ncil\u0103 and Adrian N\u0103stase have been invited to the military parade organized by Chinese president Xi Jinping in Beijing to mark the end of World War II, <a href=\"https:\/\/www.euronews.ro\/articole\/kim-jong-un-xi-jinping-si-vladimir-putin-impreuna-la-beijing-viorica-dancila-si-a\" target=\"_blank\">Euronews<\/a> reported.<\/p>\n\n<p>They are featured in a group photo alongside the Chinese president, the Russian president, Vladimir Putin, and the North Korean leader, Kim Jong Un.<\/p>\n<p>Viorica D\u0103ncil\u0103 is a former leader of the Social Democratic Party (PSD) and served as PM from January 2018 to November 2019. A former president of the Parliament&#8217;s Chamber of Deputies and Foreign Affairs minister, Adrian N\u0103stase headed the Romanian Government between 2000 and 2004, while he was also the president of the PSD.<\/p>\n<p>In <a href=\"https:\/\/adriannastase.ro\/2025\/09\/02\/sunt-la-beijing-pentru-cateva-zile\/\" target=\"_blank\">a post on his blog<\/a>, N\u0103stase explained he was in Beijing as a former dignitary to take part in &#8220;commemorating the 80th anniversary of China&#8217;s victory over Japan and fascism in World War II.&#8221; The post also mentions that he had a talk with deputy minister Sun Haiyan &#8220;regarding sensitive issues of international politics, including the war in Ukraine and the relationship between China, Russia, and India.&#8221;<\/p>\n<p>In a reaction quoted by <a href=\"https:\/\/www.news.ro\/politic-intern\/oana-toiu-romania-reprezentata-politicieni-asaza-onorati-poza-langa-putin-invitatia-indica-intentie-arata-influenta-asupra-romaniei-putin-reusit-arate-legaturile-legate-trecut-1922404903502025091022152073?utm_source=News&amp;utm_medium=Click%2BCitesteSi&amp;utm_campaign=CitesteSi%2Bnews\" target=\"_blank\">News.ro<\/a>,\u00a0Foreign Affairs minister Oana \u0162oiu said &#8220;Romania is not and cannot be represented by politicians who are honored to sit in a photo next to Putin today.&#8221; She also said the invitation &#8220;indicates an intention to show influence over Romania, but Putin only managed to show that their ties are linked to the past and not to the future of Romania.&#8221;<\/p>\n\n<p>Other guests at the event included the president of Iran, Masoud Pesekian, the president of Belarus, Alexander Lukashenko, Slovakia\u2019s PM Robert Fico, leaders from Southeast Asia such as King of Cambodia Norodom Sihamoni, Vietnam president Luong Cuong, Malaysia PM Anwar Ibrahim, and the military leader of Myanmar, Min Aung Hlaing.\u00a0\u00a0<\/p>\n<p>(Photo:\u00a0<a href=\"https:\/\/www.dreamstime.com\/bumbleedee_info\">Bumbleedee<\/a>\u00a0|\u00a0<a href=\"https:\/\/www.dreamstime.com\/stock-photos\">Dreamstime.com<\/a>)<\/p>\n<p><em>simona@romania-insider.com<\/em><\/p>","protected":false},"excerpt":{"rendered":"<p>Former Romanian prime ministers Viorica D\u0103ncil\u0103 and Adrian N\u0103stase have been invited to the military parade organized by Chinese president Xi Jinping in Beijing to mark the end of World War II, Euronews reported. They are featured in a group photo alongside the Chinese president, the Russian president, Vladimir Putin, and the North Korean leader, [&hellip;]<\/p>\n","protected":false},"author":0,"featured_media":0,"comment_status":"open","ping_status":"closed","sticky":false,"template":"","format":"standard","meta":{"footnotes":""},"categories":[1],"tags":[],"class_list":["post-6606","post","type-post","status-publish","format-standard","hentry","category-uncategorized"],"_links":{"self":[{"href":"https:\/\/ofero.news\/index.php?rest_route=\/wp\/v2\/posts\/6606","targetHints":{"allow":["GET"]}}],"collection":[{"href":"https:\/\/ofero.news\/index.php?rest_route=\/wp\/v2\/posts"}],"about":[{"href":"https:\/\/ofero.news\/index.php?rest_route=\/wp\/v2\/types\/post"}],"replies":[{"embeddable":true,"href":"https:\/\/ofero.news\/index.php?rest_route=%2Fwp%2Fv2%2Fcomments&post=6606"}],"version-history":[{"count":0,"href":"https:\/\/ofero.news\/index.php?rest_route=\/wp\/v2\/posts\/6606\/revisions"}],"wp:attachment":[{"href":"https:\/\/ofero.news\/index.php?rest_route=%2Fwp%2Fv2%2Fmedia&parent=6606"}],"wp:term":[{"taxonomy":"category","embeddable":true,"href":"https:\/\/ofero.news\/index.php?rest_route=%2Fwp%2Fv2%2Fcategories&post=6606"},{"taxonomy":"post_tag","embeddable":true,"href":"https:\/\/ofero.news\/index.php?rest_route=%2Fwp%2Fv2%2Ftags&post=6606"}],"curies":[{"name":"wp","href":"https:\/\/api.w.org\/{rel}","templated":true}]}}