{"id":11783,"date":"2026-09-01T08:00:31","date_gmt":"2026-09-01T08:00:31","guid":{"rendered":"https:\/\/ofero.news\/?p=11783"},"modified":"2026-09-01T08:00:31","modified_gmt":"2026-09-01T08:00:31","slug":"slovakia-to-send-low-altitude-radars-to-romania-defense-minister-says","status":"publish","type":"post","link":"https:\/\/ofero.news\/?p=11783","title":{"rendered":"Slovakia to send low-altitude radars to Romania, defense minister says"},"content":{"rendered":"<p>Slovakia will send low-altitude radars and personnel to operate them to Romania, Romanian defense minister <strong>Radu Miru\u021b\u0103<\/strong> announced. The deployment is intended to strengthen surveillance along Romania\u2019s eastern border.<\/p>\n<p>Radu Miru\u021b\u0103 thanked his Slovak counterpart, Robert Kali\u0148\u00e1k, and the Slovak government for approving the deployment.<\/p>\n<p>\u201cThis is a response to the appeal I made at both NATO and European Union level to strengthen surveillance capacity at our eastern border,\u201d the Romanian minister wrote on Facebook.\u00a0<\/p>\n<p>Miru\u021b\u0103 said the decision followed meetings in which Romania presented and argued its need for additional surveillance equipment. He also linked Slovakia\u2019s response to the work carried out by the Romanian Defense Ministry under the EU\u2019s SAFE programs.<\/p>\n<p>The Romanian minister personally thanked Robert Kali\u0148\u00e1k during the informal meeting of EU defence ministers in Ireland.<\/p>\n<p>\u201cI stressed once again how important it is to demonstrate in practice how cooperation between states works,\u201d Radu Miru\u021b\u0103 said.<\/p>\n<p>He e added that Romania had shown it was a reliable partner by fulfilling its own responsibilities before requesting support from its allies.<\/p>\n\n<p>irina.marica@romania-insider.com<\/p>\n<p>(Photo source: Inquam Photos\/George Calin)<\/p>","protected":false},"excerpt":{"rendered":"<p>Slovakia will send low-altitude radars and personnel to operate them to Romania, Romanian defense minister Radu Miru\u021b\u0103 announced. The deployment is intended to strengthen surveillance along Romania\u2019s eastern border. Radu Miru\u021b\u0103 thanked his Slovak counterpart, Robert Kali\u0148\u00e1k, and the Slovak government for approving the deployment. \u201cThis is a response to the appeal I made at [&hellip;]<\/p>\n","protected":false},"author":0,"featured_media":0,"comment_status":"open","ping_status":"closed","sticky":false,"template":"","format":"standard","meta":{"footnotes":""},"categories":[1],"tags":[],"class_list":["post-11783","post","type-post","status-publish","format-standard","hentry","category-uncategorized"],"_links":{"self":[{"href":"https:\/\/ofero.news\/index.php?rest_route=\/wp\/v2\/posts\/11783","targetHints":{"allow":["GET"]}}],"collection":[{"href":"https:\/\/ofero.news\/index.php?rest_route=\/wp\/v2\/posts"}],"about":[{"href":"https:\/\/ofero.news\/index.php?rest_route=\/wp\/v2\/types\/post"}],"replies":[{"embeddable":true,"href":"https:\/\/ofero.news\/index.php?rest_route=%2Fwp%2Fv2%2Fcomments&post=11783"}],"version-history":[{"count":0,"href":"https:\/\/ofero.news\/index.php?rest_route=\/wp\/v2\/posts\/11783\/revisions"}],"wp:attachment":[{"href":"https:\/\/ofero.news\/index.php?rest_route=%2Fwp%2Fv2%2Fmedia&parent=11783"}],"wp:term":[{"taxonomy":"category","embeddable":true,"href":"https:\/\/ofero.news\/index.php?rest_route=%2Fwp%2Fv2%2Fcategories&post=11783"},{"taxonomy":"post_tag","embeddable":true,"href":"https:\/\/ofero.news\/index.php?rest_route=%2Fwp%2Fv2%2Ftags&post=11783"}],"curies":[{"name":"wp","href":"https:\/\/api.w.org\/{rel}","templated":true}]}}