{"id":1050,"date":"2024-07-25T08:15:32","date_gmt":"2024-07-25T08:15:32","guid":{"rendered":"https:\/\/ofero.news\/?p=1050"},"modified":"2024-07-25T08:15:32","modified_gmt":"2024-07-25T08:15:32","slug":"weekend-calendar-artmania-sonoro-musikland-exhibitions-and-more","status":"publish","type":"post","link":"https:\/\/ofero.news\/?p=1050","title":{"rendered":"Weekend calendar: ARTmania, SoNoRo Musikland, exhibitions and more"},"content":{"rendered":"<h4 class=\"MsoNormal\">The Bucharest public can attend several outdoor film screenings, while two festivals bring classical music to numerous localities in Transylvania, where Sibiu hosts a large festival for heavy metal and rock fans. \n<\/h4>\n<p class=\"MsoNormal\">In Bucharest: <\/p>\n<p class=\"MsoNormal\">Cinevara<\/p>\n<p class=\"MsoNormal\">July 25 &#8211; October 3<\/p>\n<p class=\"MsoNormal\">Reziden\u021ba9 hosts this program of film screenings that focuses this year on exploring the human body as it is presented in the cinema of the socialist period in Central and Eastern Europe. More <a href=\"https:\/\/eventbook.ro\/program\/cinevara\" target=\"_blank\" rel=\"noopener\">here<\/a>.<\/p>\n<p class=\"MsoNormal\">CineMasca<\/p>\n<p class=\"MsoNormal\">Until September <\/p>\n<p class=\"MsoNormal\">Fourteen films showcasing &#8220;theatrical and performative characteristics&#8221; are screened at the Masca Theater Amphitheater. More details <a href=\"https:\/\/www.masca.ro\/teatru\/cinemasca\/\" target=\"_blank\" rel=\"noopener\">here<\/a>.<\/p>\n<p class=\"MsoNormal\">Open Streets<\/p>\n<p class=\"MsoNormal\">Every weekend until October 13<\/p>\n<p class=\"MsoNormal\">The city&#8217;s busy streets turn pedestrian in a program of outdoor events that has reached its fourth edition this year. Further details\u00a0<a href=\"https:\/\/arcub.ro\/proiecte\/festival\/strazi-deschise-bucuresti-promenada-urbana\/strazi-deschise-bucuresti-promenada-urbana-2024\/\" target=\"_blank\" rel=\"noopener\">here<\/a>. <\/p>\n<p class=\"MsoNormal\">Art Safari<\/p>\n<p class=\"MsoNormal\">Until July 28<\/p>\n<p class=\"MsoNormal\">This season of Art Safari brings to the spotlight masters of Romanian art such as Eusta\u021biu Stoenescu, Nicolae Grigorescu, Nicolae Tonitza, \u0218tefan Luchian, and Corneliu Baba. Five exhibitions are part of the program of the event which takes place at the Dacia-Romania Palace in Bucharest\u2019s Old Town. Further details on each exhibition and their schedule\u00a0<a href=\"https:\/\/www.artsafari.ro\/\" target=\"_blank\" rel=\"noopener\">here<\/a>.<\/p>\n<p class=\"MsoNormal\">The Universe of Salvador Dal\u00ed<\/p>\n<p class=\"MsoNormal\">Until September 1<\/p>\n<p class=\"MsoNormal\">ARCUB hosts this exhibition encompassing some 170 works by Salvador Dal\u00ed, ranging from sculptures and engravings to drawings, miniatures, and furniture. The exhibited items are part of Beniamino Levi\u2019s collection. More details\u00a0<a href=\"https:\/\/universuldali.ro\/\" target=\"_blank\" rel=\"noopener\">here<\/a>.<\/p>\n<p class=\"MsoNormal\">Art films @ MNAR<\/p>\n<p class=\"MsoNormal\">Until December<\/p>\n<p class=\"MsoNormal\">A series of documentaries on well-known names of art will be screened at the Auditorium Hall of the National Museum of Art of Romania (MNAR). More\u00a0<a href=\"https:\/\/mnar.ro\/en\/arhiva-evenimentelor\/event\/752-the-year-of-art-films-at-the-national-museum-of-art-of-romania\" target=\"_blank\" rel=\"noopener\">here<\/a>.<\/p>\n<p class=\"MsoNormal\">Symphony of Water<\/p>\n<p class=\"MsoNormal\">Ongoing<\/p>\n<p class=\"MsoNormal\">The water, music, and light show at the Urban Fountains in Bucharest\u2019s Unirii Square.<\/p>\n<p class=\"MsoNormal\">Adrian Cojocaru: Acts of In-Between<\/p>\n<p class=\"MsoNormal\">Opening July 19<\/p>\n<p class=\"MsoNormal\">Informed by a fine dining experience, the exhibition takes the public behind the scenes, both in a restaurant and in the artist\u2019s studio, to look at what diners and viewers don\u2019t usually see. More\u00a0<a href=\"https:\/\/www.gaepgallery.com\/introducing-gaep-presents\/\" target=\"_blank\" rel=\"noopener\">here<\/a>.<\/p>\n<p class=\"MsoNormal\">Gentle is the Night, Soul is the Garden<\/p>\n<p class=\"MsoNormal\">Until August 20<\/p>\n<p class=\"MsoNormal\">This is the second exhibition of artist Diana O\u021bet at Scemtovici &amp; Benowitz Gallery and covers works made between 2019 and 2024.<\/p>\n<p class=\"MsoNormal\">D\u0103-te din drum!<\/p>\n<p class=\"MsoNormal\">Until August 3<\/p>\n<p class=\"MsoNormal\">Artist Ioana Ruse documents her experience of moving to a foreign country in this exhibition open at Bragadiru Palace.<\/p>\n<p class=\"MsoNormal\">Neurovegetal<\/p>\n<p class=\"MsoNormal\">Until August 10<\/p>\n<p class=\"MsoNormal\">Kulterra Gallery hosts this exhibition by Aurelia Chiru, showcasing a series of works presenting \u201csemi-bastract floral, feminine, and gestural\u201d forms.<\/p>\n<p class=\"MsoNormal\">In the country:<\/p>\n<p class=\"MsoNormal\">Marius Bercea: This Side of Paradise<\/p>\n<p class=\"MsoNormal\">Until August 17<\/p>\n<p class=\"MsoNormal\">The Art Encounters Foundation presents this comprehensive solo exhibition by artist Marius Bercea, bringing together in Timi\u0219oara over 40 paintings and drawings created in the past 15 years in Cluj-Napoca and California. Further details\u00a0<a href=\"https:\/\/artencounters.ro\/en\/marius-bercea-this-side-of-paradise-2\/\" target=\"_blank\" rel=\"noopener\">here<\/a>.<\/p>\n<p class=\"MsoNormal\">Lifeline<\/p>\n<p class=\"MsoNormal\">Until August 4<\/p>\n<p class=\"MsoNormal\">The show, held at the Timi\u0219oara Art Museum, offers a panorama of the work of the last 20 years by German artist Dieter Mammel. More\u00a0<a href=\"https:\/\/mnart.museum\/project\/lifeline-dieter-mammel\/\" target=\"_blank\" rel=\"noopener\">here<\/a>.\u00a0 <\/p>\n<p class=\"MsoNormal\">Icon Arts<\/p>\n<p class=\"MsoNormal\">Until August 11<\/p>\n<p class=\"MsoNormal\">The festival dedicated to classical music and contemporary arts returns to seven localities in southern Transylvania: Biertan, Bra\u0219ov, Cop\u0219a Mare, Mo\u0219na, Richi\u0219, Ruse\u0219ti, and Sibiu. Twenty concerts, which will bring together over 120 artists, are scheduled. More on the program\u00a0<a href=\"https:\/\/iconarts.ro\/\" target=\"_blank\" rel=\"noopener\">here<\/a>.<\/p>\n<p class=\"MsoNormal\">ARTmania<\/p>\n<p class=\"MsoNormal\">July 26 \u2013 July 28<\/p>\n<p class=\"MsoNormal\">The festival dedicated to rock culture brings to the stage in Sibiu\u2019s Grand Square performances by Korn, Borknagar, Monuments, Satyricon, The Flower Kings, Alpha Q, Awake the Demons and Taine, among others. More on the program <a href=\"https:\/\/www.artmaniafestival.ro\/\" target=\"_blank\" rel=\"noopener\">here<\/a>.<\/p>\n<p class=\"MsoNormal\">SoNoRo Musikland<\/p>\n<p class=\"MsoNormal\">July 25 &#8211; August 4<\/p>\n<p class=\"MsoNormal\">This year\u2019s edition of the chamber music festival SoNoRo Musikland will celebrate the cultural heritage of Bra\u015fov and Sighi\u015foara while also highlighting several villages and towns in the Transylvanian Highlands, namely Cristian, R\u00e2\u015fnov, Cincu, Me\u015fendorf, Cri\u0163, and Viscri. More on the program <a href=\"https:\/\/musikland.sonoro.org\/\" target=\"_blank\" rel=\"noopener\">here<\/a>.<\/p>\n<p class=\"MsoNormal\">\n<\/p><p><em>(Photo: Norwegian band Sirenia performing at ARTmania 2023 by\u00a0<\/em><em><a href=\"https:\/\/www.dreamstime.com\/sirenia-performing-stage-artmania-festival-sibiu-romania-norwegian-band-image285839484\" target=\"_blank\" rel=\"noopener\">Marius Scarlat\/ Dreamstime<\/a>)<\/em><\/p>\n\n<p class=\"MsoNormal\">\n<\/p><p><em>editor@romania-insider.com\u00a0<\/em><\/p>","protected":false},"excerpt":{"rendered":"<p>The Bucharest public can attend several outdoor film screenings, while two festivals bring classical music to numerous localities in Transylvania, where Sibiu hosts a large festival for heavy metal and rock fans. In Bucharest: Cinevara July 25 &#8211; October 3 Reziden\u021ba9 hosts this program of film screenings that focuses this year on exploring the human [&hellip;]<\/p>\n","protected":false},"author":0,"featured_media":0,"comment_status":"open","ping_status":"closed","sticky":false,"template":"","format":"standard","meta":{"footnotes":""},"categories":[1],"tags":[],"class_list":["post-1050","post","type-post","status-publish","format-standard","hentry","category-uncategorized"],"_links":{"self":[{"href":"https:\/\/ofero.news\/index.php?rest_route=\/wp\/v2\/posts\/1050","targetHints":{"allow":["GET"]}}],"collection":[{"href":"https:\/\/ofero.news\/index.php?rest_route=\/wp\/v2\/posts"}],"about":[{"href":"https:\/\/ofero.news\/index.php?rest_route=\/wp\/v2\/types\/post"}],"replies":[{"embeddable":true,"href":"https:\/\/ofero.news\/index.php?rest_route=%2Fwp%2Fv2%2Fcomments&post=1050"}],"version-history":[{"count":0,"href":"https:\/\/ofero.news\/index.php?rest_route=\/wp\/v2\/posts\/1050\/revisions"}],"wp:attachment":[{"href":"https:\/\/ofero.news\/index.php?rest_route=%2Fwp%2Fv2%2Fmedia&parent=1050"}],"wp:term":[{"taxonomy":"category","embeddable":true,"href":"https:\/\/ofero.news\/index.php?rest_route=%2Fwp%2Fv2%2Fcategories&post=1050"},{"taxonomy":"post_tag","embeddable":true,"href":"https:\/\/ofero.news\/index.php?rest_route=%2Fwp%2Fv2%2Ftags&post=1050"}],"curies":[{"name":"wp","href":"https:\/\/api.w.org\/{rel}","templated":true}]}}