{"id":1023,"date":"2024-07-24T08:05:25","date_gmt":"2024-07-24T08:05:25","guid":{"rendered":"https:\/\/ofero.news\/?p=1023"},"modified":"2024-07-24T08:05:25","modified_gmt":"2024-07-24T08:05:25","slug":"balkanik-festival-returns-in-bucharest-this-september","status":"publish","type":"post","link":"https:\/\/ofero.news\/?p=1023","title":{"rendered":"Balkanik Festival returns in Bucharest this September"},"content":{"rendered":"<p>Balkanik Festival \u2013 Home of World Music will hold its 11th edition in Bucharest from September 6 to 8. The event will take place at Uranus Garden.<\/p>\n<p>The lineup includes <strong>Fanfare Cioc\u0103rlia<\/strong> from Romania, Shantel &amp; Bucovina Club Sound System from Germany, Turkey&#8217;s Baba Zula, Polish DIKANDA, Phuripe from Hungary, Collectif Medz Bazar (Armenia-France), KermesZ a\u00a0l\u2019Est from Belgium, Romania&#8217;s M\u0103d\u0103lina Pav\u0103l Orchestra, and Rumeliko (Greece-Romania).<\/p>\n<p>In addition to the concerts, the atmosphere will be completed by a craft fair, exhibitions, debates, international cuisines with traditional and reinterpreted dishes, activities for children, and scenographies at the intersection of East and West, urban and rural.<\/p>\n<p>Early bird tickets for the Balkanik Festival cost RON 170 and can be purchased from Iabilet, Entertix, Bilete.ro, Livetickets, and Eventbook networks. Children up to the age of 9 enjoy free entry to the festival, accompanied by an adult.<\/p>\n<p>Further details are available <a href=\"https:\/\/www.balkanikfestival.ro\/\" target=\"_blank\" rel=\"noopener\">here<\/a>.<\/p>\n<p>irina.marica@romania-insider.com<\/p>\n<p>(Photo source: the organizers)<\/p>","protected":false},"excerpt":{"rendered":"<p>Balkanik Festival \u2013 Home of World Music will hold its 11th edition in Bucharest from September 6 to 8. The event will take place at Uranus Garden. The lineup includes Fanfare Cioc\u0103rlia from Romania, Shantel &amp; Bucovina Club Sound System from Germany, Turkey&#8217;s Baba Zula, Polish DIKANDA, Phuripe from Hungary, Collectif Medz Bazar (Armenia-France), KermesZ [&hellip;]<\/p>\n","protected":false},"author":0,"featured_media":0,"comment_status":"open","ping_status":"closed","sticky":false,"template":"","format":"standard","meta":{"footnotes":""},"categories":[1],"tags":[],"class_list":["post-1023","post","type-post","status-publish","format-standard","hentry","category-uncategorized"],"_links":{"self":[{"href":"https:\/\/ofero.news\/index.php?rest_route=\/wp\/v2\/posts\/1023","targetHints":{"allow":["GET"]}}],"collection":[{"href":"https:\/\/ofero.news\/index.php?rest_route=\/wp\/v2\/posts"}],"about":[{"href":"https:\/\/ofero.news\/index.php?rest_route=\/wp\/v2\/types\/post"}],"replies":[{"embeddable":true,"href":"https:\/\/ofero.news\/index.php?rest_route=%2Fwp%2Fv2%2Fcomments&post=1023"}],"version-history":[{"count":0,"href":"https:\/\/ofero.news\/index.php?rest_route=\/wp\/v2\/posts\/1023\/revisions"}],"wp:attachment":[{"href":"https:\/\/ofero.news\/index.php?rest_route=%2Fwp%2Fv2%2Fmedia&parent=1023"}],"wp:term":[{"taxonomy":"category","embeddable":true,"href":"https:\/\/ofero.news\/index.php?rest_route=%2Fwp%2Fv2%2Fcategories&post=1023"},{"taxonomy":"post_tag","embeddable":true,"href":"https:\/\/ofero.news\/index.php?rest_route=%2Fwp%2Fv2%2Ftags&post=1023"}],"curies":[{"name":"wp","href":"https:\/\/api.w.org\/{rel}","templated":true}]}}